{"id":2320,"date":"2023-07-04T04:58:08","date_gmt":"2023-07-04T04:58:08","guid":{"rendered":"https:\/\/uoogear.com\/?p=2320"},"modified":"2023-11-14T07:17:37","modified_gmt":"2023-11-14T07:17:37","slug":"drive-away-awnings-buying-guide","status":"publish","type":"post","link":"https:\/\/uoogear.com\/de\/knowledge-base\/drive-away-awnings-buying-guide\/","title":{"rendered":"Drive-Away-Markisen \u2013 Kaufratgeber"},"content":{"rendered":"<div data-elementor-type=\"wp-post\" data-elementor-id=\"2320\" class=\"elementor elementor-2320\">\n\t\t\t\t\t\t\t\t\t<section class=\"elementor-section elementor-top-section elementor-element elementor-element-c2e9819 elementor-section-boxed elementor-section-height-default elementor-section-height-default\" data-id=\"c2e9819\" data-element_type=\"section\">\n\t\t\t\t\t\t<div class=\"elementor-container elementor-column-gap-default\">\n\t\t\t\t\t<div class=\"elementor-column elementor-col-100 elementor-top-column elementor-element elementor-element-a6dec03\" data-id=\"a6dec03\" data-element_type=\"column\">\n\t\t\t<div class=\"elementor-widget-wrap elementor-element-populated\">\n\t\t\t\t\t\t\t\t<div class=\"elementor-element elementor-element-48f5227 elementor-widget elementor-widget-text-editor\" data-id=\"48f5227\" data-element_type=\"widget\" data-widget_type=\"text-editor.default\">\n\t\t\t\t<div class=\"elementor-widget-container\">\n\t\t\t<style>\/*! elementor - v3.14.0 - 26-06-2023 *\/\n.elementor-widget-text-editor.elementor-drop-cap-view-stacked .elementor-drop-cap{background-color:#69727d;color:#fff}.elementor-widget-text-editor.elementor-drop-cap-view-framed .elementor-drop-cap{color:#69727d;border:3px solid;background-color:transparent}.elementor-widget-text-editor:not(.elementor-drop-cap-view-default) .elementor-drop-cap{margin-top:8px}.elementor-widget-text-editor:not(.elementor-drop-cap-view-default) .elementor-drop-cap-letter{width:1em;height:1em}.elementor-widget-text-editor .elementor-drop-cap{float:left;text-align:center;line-height:1;font-size:50px}.elementor-widget-text-editor .elementor-drop-cap-letter{display:inline-block}<\/style>\t\t\t\t<p>Ohne die n\u00f6tigen Kenntnisse ist der Kauf eines Drive-away-Wohnmobils oder eines Wohnmobil-Vorzeltes eine schwierige Aufgabe. Ziel dieses Artikels ist es, Sie mit dem n\u00f6tigen Wissen auszustatten, das Sie m\u00f6glicherweise ben\u00f6tigen, um eine fundierte Entscheidung zu treffen. Ein Vorzelt zum Autofahren ist eine kostspielige Investition, aber es verleiht Ihrem Fahrzeug mehr Wohnraum, Flexibilit\u00e4t und Stauraum, ohne dass das Fahrzeug an den Campingplatz gebunden sein muss. Um das Potenzial Ihres Fahrzeugs zu maximieren, lohnt es sich, die M\u00f6glichkeit zu pr\u00fcfen, ein Vorzelt f\u00fcr das Auto zu kaufen.<\/p>\t\t\t\t\t\t<\/div>\n\t\t\t\t<\/div>\n\t\t\t\t\t<\/div>\n\t\t<\/div>\n\t\t\t\t\t\t\t<\/div>\n\t\t<\/section>\n\t\t\t\t<section class=\"elementor-section elementor-top-section elementor-element elementor-element-ae5a099 elementor-section-boxed elementor-section-height-default elementor-section-height-default\" data-id=\"ae5a099\" data-element_type=\"section\">\n\t\t\t\t\t\t<div class=\"elementor-container elementor-column-gap-default\">\n\t\t\t\t\t<div class=\"elementor-column elementor-col-100 elementor-top-column elementor-element elementor-element-e2ebfe0\" data-id=\"e2ebfe0\" data-element_type=\"column\">\n\t\t\t<div class=\"elementor-widget-wrap elementor-element-populated\">\n\t\t\t\t\t\t\t\t<div class=\"elementor-element elementor-element-a3eafe0 elementor-widget elementor-widget-heading\" data-id=\"a3eafe0\" data-element_type=\"widget\" data-widget_type=\"heading.default\">\n\t\t\t\t<div class=\"elementor-widget-container\">\n\t\t\t<style>\/*! elementor - v3.14.0 - 26-06-2023 *\/\n.elementor-heading-title{padding:0;margin:0;line-height:1}.elementor-widget-heading .elementor-heading-title[class*=elementor-size-]>a{color:inherit;font-size:inherit;line-height:inherit}.elementor-widget-heading .elementor-heading-title.elementor-size-small{font-size:15px}.elementor-widget-heading .elementor-heading-title.elementor-size-medium{font-size:19px}.elementor-widget-heading .elementor-heading-title.elementor-size-large{font-size:29px}.elementor-widget-heading .elementor-heading-title.elementor-size-xl{font-size:39px}.elementor-widget-heading .elementor-heading-title.elementor-size-xxl{font-size:59px}<\/style><h3 class=\"elementor-heading-title elementor-size-default\">Was ist eine wegfahrbare Markise?<\/h3>\t\t<\/div>\n\t\t\t\t<\/div>\n\t\t\t\t<div class=\"elementor-element elementor-element-fff2ba7 elementor-widget elementor-widget-image\" data-id=\"fff2ba7\" data-element_type=\"widget\" data-widget_type=\"image.default\">\n\t\t\t\t<div class=\"elementor-widget-container\">\n\t\t\t<style>\/*! elementor - v3.14.0 - 26-06-2023 *\/\n.elementor-widget-image{text-align:center}.elementor-widget-image a{display:inline-block}.elementor-widget-image a img[src$=\".svg\"]{width:48px}.elementor-widget-image img{vertical-align:middle;display:inline-block}<\/style>\t\t\t\t\t\t\t\t\t\t\t\t<img loading=\"lazy\" decoding=\"async\" width=\"800\" height=\"309\" src=\"https:\/\/uoogear.com\/wp-content\/uploads\/2023\/08\/drive-away-awning-2.jpg\" class=\"attachment-full size-full wp-image-2326\" alt=\"\" srcset=\"https:\/\/uoogear.com\/wp-content\/uploads\/2023\/08\/drive-away-awning-2.jpg 800w, https:\/\/uoogear.com\/wp-content\/uploads\/2023\/08\/drive-away-awning-2-300x116.jpg 300w, https:\/\/uoogear.com\/wp-content\/uploads\/2023\/08\/drive-away-awning-2-768x297.jpg 768w, https:\/\/uoogear.com\/wp-content\/uploads\/2023\/08\/drive-away-awning-2-600x232.jpg 600w, https:\/\/uoogear.com\/wp-content\/uploads\/2023\/08\/drive-away-awning-2-90x35.jpg 90w\" sizes=\"auto, (max-width: 800px) 100vw, 800px\" \/>\t\t\t\t\t\t\t\t\t\t\t\t\t\t\t<\/div>\n\t\t\t\t<\/div>\n\t\t\t\t<div class=\"elementor-element elementor-element-7bb1f35 elementor-widget elementor-widget-text-editor\" data-id=\"7bb1f35\" data-element_type=\"widget\" data-widget_type=\"text-editor.default\">\n\t\t\t\t<div class=\"elementor-widget-container\">\n\t\t\t\t\t\t\tEin Drive-Away-Vorzelt ist ein freistehendes Zelt, das aus zwei Teilen besteht \u2013 dem Hauptvorzelt und dem Verbindungselement. Das Verbindungspaneel wird an der Seite Ihres Wohnmobils oder Wohnmobils befestigt und l\u00e4sst sich zusammenklappen und vom Fahrzeug abnehmen, so dass Sie das Fahrzeug au\u00dferhalb des Gel\u00e4ndes fahren k\u00f6nnen \u2013 und das freistehende Vorzelt auf dem Campingplatz zur\u00fccklassen, wenn Sie zur\u00fcckkommen. Markisen f\u00fcr das Auto gibt es in der Regel in drei Gr\u00f6\u00dfen: niedrig, mittel und hoch. Jede Gr\u00f6\u00dfe h\u00e4ngt von der Art Ihres Fahrzeugs ab.\t\t\t\t\t\t<\/div>\n\t\t\t\t<\/div>\n\t\t\t\t\t<\/div>\n\t\t<\/div>\n\t\t\t\t\t\t\t<\/div>\n\t\t<\/section>\n\t\t\t\t<section class=\"elementor-section elementor-top-section elementor-element elementor-element-e19941e elementor-section-boxed elementor-section-height-default elementor-section-height-default\" data-id=\"e19941e\" data-element_type=\"section\">\n\t\t\t\t\t\t<div class=\"elementor-container elementor-column-gap-default\">\n\t\t\t\t\t<div class=\"elementor-column elementor-col-100 elementor-top-column elementor-element elementor-element-3e739f4\" data-id=\"3e739f4\" data-element_type=\"column\">\n\t\t\t<div class=\"elementor-widget-wrap elementor-element-populated\">\n\t\t\t\t\t\t\t\t<div class=\"elementor-element elementor-element-e63dcfa elementor-widget elementor-widget-heading\" data-id=\"e63dcfa\" data-element_type=\"widget\" data-widget_type=\"heading.default\">\n\t\t\t\t<div class=\"elementor-widget-container\">\n\t\t\t<h3 class=\"elementor-heading-title elementor-size-default\">Beliebte Beispiele f\u00fcr Drive-Away-Markisen\n<\/h3>\t\t<\/div>\n\t\t\t\t<\/div>\n\t\t\t\t<div class=\"elementor-element elementor-element-c50bf56 elementor-widget elementor-widget-text-editor\" data-id=\"c50bf56\" data-element_type=\"widget\" data-widget_type=\"text-editor.default\">\n\t\t\t\t<div class=\"elementor-widget-container\">\n\t\t\t\t\t\t\tF\u00fcr Wohnmobile (VW T Vans \/ Ford Torneo oder \u00e4hnliches) (180\u2013210 cm hoch)\t\t\t\t\t\t<\/div>\n\t\t\t\t<\/div>\n\t\t\t\t<div class=\"elementor-element elementor-element-4d26836 elementor-icon-list--layout-traditional elementor-list-item-link-full_width elementor-widget elementor-widget-icon-list\" data-id=\"4d26836\" data-element_type=\"widget\" data-widget_type=\"icon-list.default\">\n\t\t\t\t<div class=\"elementor-widget-container\">\n\t\t\t<link rel=\"stylesheet\" href=\"https:\/\/uoogear.com\/wp-content\/plugins\/elementor\/assets\/css\/widget-icon-list.min.css\">\t\t<ul class=\"elementor-icon-list-items\">\n\t\t\t\t\t\t\t<li class=\"elementor-icon-list-item\">\n\t\t\t\t\t\t\t\t\t\t\t<span class=\"elementor-icon-list-icon\">\n\t\t\t\t\t\t\t<i aria-hidden=\"true\" class=\"far fa-dot-circle\"><\/i>\t\t\t\t\t\t<\/span>\n\t\t\t\t\t\t\t\t\t\t<span class=\"elementor-icon-list-text\">Vango Kela V Low<\/span>\n\t\t\t\t\t\t\t\t\t<\/li>\n\t\t\t\t\t\t\t\t<li class=\"elementor-icon-list-item\">\n\t\t\t\t\t\t\t\t\t\t\t<span class=\"elementor-icon-list-icon\">\n\t\t\t\t\t\t\t<i aria-hidden=\"true\" class=\"far fa-dot-circle\"><\/i>\t\t\t\t\t\t<\/span>\n\t\t\t\t\t\t\t\t\t\t<span class=\"elementor-icon-list-text\">Vango Galli III Niedrig<\/span>\n\t\t\t\t\t\t\t\t\t<\/li>\n\t\t\t\t\t\t<\/ul>\n\t\t\t\t<\/div>\n\t\t\t\t<\/div>\n\t\t\t\t<div class=\"elementor-element elementor-element-bcc7695 elementor-widget elementor-widget-text-editor\" data-id=\"bcc7695\" data-element_type=\"widget\" data-widget_type=\"text-editor.default\">\n\t\t\t\t<div class=\"elementor-widget-container\">\n\t\t\t\t\t\t\tF\u00fcr Wohnmobile (245 \u2013 295 cm hoch)\t\t\t\t\t\t<\/div>\n\t\t\t\t<\/div>\n\t\t\t\t<div class=\"elementor-element elementor-element-108318e elementor-icon-list--layout-traditional elementor-list-item-link-full_width elementor-widget elementor-widget-icon-list\" data-id=\"108318e\" data-element_type=\"widget\" data-widget_type=\"icon-list.default\">\n\t\t\t\t<div class=\"elementor-widget-container\">\n\t\t\t\t\t<ul class=\"elementor-icon-list-items\">\n\t\t\t\t\t\t\t<li class=\"elementor-icon-list-item\">\n\t\t\t\t\t\t\t\t\t\t\t<span class=\"elementor-icon-list-icon\">\n\t\t\t\t\t\t\t<i aria-hidden=\"true\" class=\"far fa-dot-circle\"><\/i>\t\t\t\t\t\t<\/span>\n\t\t\t\t\t\t\t\t\t\t<span class=\"elementor-icon-list-text\">Vango Galli III Gro\u00df<\/span>\n\t\t\t\t\t\t\t\t\t<\/li>\n\t\t\t\t\t\t\t\t<li class=\"elementor-icon-list-item\">\n\t\t\t\t\t\t\t\t\t\t\t<span class=\"elementor-icon-list-icon\">\n\t\t\t\t\t\t\t<i aria-hidden=\"true\" class=\"far fa-dot-circle\"><\/i>\t\t\t\t\t\t<\/span>\n\t\t\t\t\t\t\t\t\t\t<span class=\"elementor-icon-list-text\">Outdoor Revolution Movelite T4 Highline<\/span>\n\t\t\t\t\t\t\t\t\t<\/li>\n\t\t\t\t\t\t<\/ul>\n\t\t\t\t<\/div>\n\t\t\t\t<\/div>\n\t\t\t\t\t<\/div>\n\t\t<\/div>\n\t\t\t\t\t\t\t<\/div>\n\t\t<\/section>\n\t\t\t\t<section class=\"elementor-section elementor-top-section elementor-element elementor-element-fbf85ab elementor-section-boxed elementor-section-height-default elementor-section-height-default\" data-id=\"fbf85ab\" data-element_type=\"section\">\n\t\t\t\t\t\t<div class=\"elementor-container elementor-column-gap-default\">\n\t\t\t\t\t<div class=\"elementor-column elementor-col-100 elementor-top-column elementor-element elementor-element-b4d4bc0\" data-id=\"b4d4bc0\" data-element_type=\"column\">\n\t\t\t<div class=\"elementor-widget-wrap elementor-element-populated\">\n\t\t\t\t\t\t\t\t<div class=\"elementor-element elementor-element-b2fb3df elementor-widget elementor-widget-heading\" data-id=\"b2fb3df\" data-element_type=\"widget\" data-widget_type=\"heading.default\">\n\t\t\t\t<div class=\"elementor-widget-container\">\n\t\t\t<h3 class=\"elementor-heading-title elementor-size-default\">Warum eine Markise kaufen?<\/h3>\t\t<\/div>\n\t\t\t\t<\/div>\n\t\t\t\t<div class=\"elementor-element elementor-element-889378f elementor-icon-list--layout-traditional elementor-list-item-link-full_width elementor-widget elementor-widget-icon-list\" data-id=\"889378f\" data-element_type=\"widget\" data-widget_type=\"icon-list.default\">\n\t\t\t\t<div class=\"elementor-widget-container\">\n\t\t\t\t\t<ul class=\"elementor-icon-list-items\">\n\t\t\t\t\t\t\t<li class=\"elementor-icon-list-item\">\n\t\t\t\t\t\t\t\t\t\t\t<span class=\"elementor-icon-list-icon\">\n\t\t\t\t\t\t\t<i aria-hidden=\"true\" class=\"far fa-dot-circle\"><\/i>\t\t\t\t\t\t<\/span>\n\t\t\t\t\t\t\t\t\t\t<span class=\"elementor-icon-list-text\"><strong>Gr\u00f6\u00dfere Flexibilit\u00e4t<\/strong> - Ein Drive-away-Vorzelt bietet mehr Flexibilit\u00e4t f\u00fcr den Camper oder das Wohnmobil.<\/span>\n\t\t\t\t\t\t\t\t\t<\/li>\n\t\t\t\t\t\t\t\t<li class=\"elementor-icon-list-item\">\n\t\t\t\t\t\t\t\t\t\t\t<span class=\"elementor-icon-list-icon\">\n\t\t\t\t\t\t\t<i aria-hidden=\"true\" class=\"far fa-dot-circle\"><\/i>\t\t\t\t\t\t<\/span>\n\t\t\t\t\t\t\t\t\t\t<span class=\"elementor-icon-list-text\"><strong>Lagerung<\/strong> - Schafft mehr Platz im Transporter, da Sie Gegenst\u00e4nde im Vorzelt verstauen k\u00f6nnen.<\/span>\n\t\t\t\t\t\t\t\t\t<\/li>\n\t\t\t\t\t\t\t\t<li class=\"elementor-icon-list-item\">\n\t\t\t\t\t\t\t\t\t\t\t<span class=\"elementor-icon-list-icon\">\n\t\t\t\t\t\t\t<i aria-hidden=\"true\" class=\"far fa-dot-circle\"><\/i>\t\t\t\t\t\t<\/span>\n\t\t\t\t\t\t\t\t\t\t<span class=\"elementor-icon-list-text\"><strong>Wohnraum<\/strong> - zus\u00e4tzlicher Stauraum f\u00fcr das Fahrzeug - Wohnmobile sind bestenfalls ziemlich beengte Wohnr\u00e4ume - daher k\u00f6nnen Vorzelte gro\u00dfartige Bereiche zum Entspannen, Umziehen oder zum Kochen bieten, wenn sie gut bel\u00fcftet sind.<\/span>\n\t\t\t\t\t\t\t\t\t<\/li>\n\t\t\t\t\t\t\t\t<li class=\"elementor-icon-list-item\">\n\t\t\t\t\t\t\t\t\t\t\t<span class=\"elementor-icon-list-icon\">\n\t\t\t\t\t\t\t<i aria-hidden=\"true\" class=\"far fa-dot-circle\"><\/i>\t\t\t\t\t\t<\/span>\n\t\t\t\t\t\t\t\t\t\t<span class=\"elementor-icon-list-text\"><strong>Schlafplatz<\/strong> - Markisen k\u00f6nnen entweder mit einem Zweibett- oder einem Vierbett-Innenzelt ausgestattet sein \u2013 was die Schlafkapazit\u00e4t erh\u00f6ht und es Freunden oder der Familie erm\u00f6glicht, mitzureisen.<\/span>\n\t\t\t\t\t\t\t\t\t<\/li>\n\t\t\t\t\t\t<\/ul>\n\t\t\t\t<\/div>\n\t\t\t\t<\/div>\n\t\t\t\t\t<\/div>\n\t\t<\/div>\n\t\t\t\t\t\t\t<\/div>\n\t\t<\/section>\n\t\t\t\t<section class=\"elementor-section elementor-top-section elementor-element elementor-element-64422f6 elementor-section-boxed elementor-section-height-default elementor-section-height-default\" data-id=\"64422f6\" data-element_type=\"section\">\n\t\t\t\t\t\t<div class=\"elementor-container elementor-column-gap-default\">\n\t\t\t\t\t<div class=\"elementor-column elementor-col-100 elementor-top-column elementor-element elementor-element-f62f349\" data-id=\"f62f349\" data-element_type=\"column\">\n\t\t\t<div class=\"elementor-widget-wrap elementor-element-populated\">\n\t\t\t\t\t\t\t\t<div class=\"elementor-element elementor-element-dcc8b89 elementor-widget elementor-widget-heading\" data-id=\"dcc8b89\" data-element_type=\"widget\" data-widget_type=\"heading.default\">\n\t\t\t\t<div class=\"elementor-widget-container\">\n\t\t\t<h3 class=\"elementor-heading-title elementor-size-default\">Wie wird es mit dem Van verbunden?<\/h3>\t\t<\/div>\n\t\t\t\t<\/div>\n\t\t\t\t<div class=\"elementor-element elementor-element-217efea elementor-widget elementor-widget-text-editor\" data-id=\"217efea\" data-element_type=\"widget\" data-widget_type=\"text-editor.default\">\n\t\t\t\t<div class=\"elementor-widget-container\">\n\t\t\t\t\t\t\tF\u00fcr Ihren Transporter stehen vier Hauptverbindungsmethoden zur Verf\u00fcgung \u2013 und jedes von uns gelieferte Vorzelt wird mit den vier Befestigungsarten geliefert. Wir haben einen speziellen Artikel dar\u00fcber, wie Sie Ihr Vorzelt an Ihrem Transporter befestigen, und einen separaten Artikel zum Abnehmen des Vorzelts. Eine ausf\u00fchrlichere Analyse der Befestigung Ihrer Markise finden Sie in den folgenden Artikeln zum besseren Verst\u00e4ndnis.\t\t\t\t\t\t<\/div>\n\t\t\t\t<\/div>\n\t\t\t\t<div class=\"elementor-element elementor-element-764c7a2 elementor-icon-list--layout-traditional elementor-list-item-link-full_width elementor-widget elementor-widget-icon-list\" data-id=\"764c7a2\" data-element_type=\"widget\" data-widget_type=\"icon-list.default\">\n\t\t\t\t<div class=\"elementor-widget-container\">\n\t\t\t\t\t<ul class=\"elementor-icon-list-items\">\n\t\t\t\t\t\t\t<li class=\"elementor-icon-list-item\">\n\t\t\t\t\t\t\t\t\t\t\t<span class=\"elementor-icon-list-icon\">\n\t\t\t\t\t\t\t<i aria-hidden=\"true\" class=\"far fa-dot-circle\"><\/i>\t\t\t\t\t\t<\/span>\n\t\t\t\t\t\t\t\t\t\t<span class=\"elementor-icon-list-text\">So befestigen Sie Ihre Drive Away-Markise<\/span>\n\t\t\t\t\t\t\t\t\t<\/li>\n\t\t\t\t\t\t\t\t<li class=\"elementor-icon-list-item\">\n\t\t\t\t\t\t\t\t\t\t\t<span class=\"elementor-icon-list-icon\">\n\t\t\t\t\t\t\t<i aria-hidden=\"true\" class=\"far fa-dot-circle\"><\/i>\t\t\t\t\t\t<\/span>\n\t\t\t\t\t\t\t\t\t\t<span class=\"elementor-icon-list-text\">So fahren Sie von Ihrem Vorzelt weg<\/span>\n\t\t\t\t\t\t\t\t\t<\/li>\n\t\t\t\t\t\t<\/ul>\n\t\t\t\t<\/div>\n\t\t\t\t<\/div>\n\t\t\t\t<div class=\"elementor-element elementor-element-cc88827 elementor-widget elementor-widget-text-editor\" data-id=\"cc88827\" data-element_type=\"widget\" data-widget_type=\"text-editor.default\">\n\t\t\t\t<div class=\"elementor-widget-container\">\n\t\t\t\t\t\t\tEs gibt jedoch vier Hauptanbringungsmethoden:\t\t\t\t\t\t<\/div>\n\t\t\t\t<\/div>\n\t\t\t\t<div class=\"elementor-element elementor-element-7a83964 elementor-widget elementor-widget-heading\" data-id=\"7a83964\" data-element_type=\"widget\" data-widget_type=\"heading.default\">\n\t\t\t\t<div class=\"elementor-widget-container\">\n\t\t\t<h4 class=\"elementor-heading-title elementor-size-default\">\u00dcber vormontierte Kador-Schiene\n<\/h4>\t\t<\/div>\n\t\t\t\t<\/div>\n\t\t\t\t<div class=\"elementor-element elementor-element-fe49e4e elementor-icon-list--layout-traditional elementor-list-item-link-full_width elementor-widget elementor-widget-icon-list\" data-id=\"fe49e4e\" data-element_type=\"widget\" data-widget_type=\"icon-list.default\">\n\t\t\t\t<div class=\"elementor-widget-container\">\n\t\t\t\t\t<ul class=\"elementor-icon-list-items\">\n\t\t\t\t\t\t\t<li class=\"elementor-icon-list-item\">\n\t\t\t\t\t\t\t\t\t\t\t<span class=\"elementor-icon-list-icon\">\n\t\t\t\t\t\t\t<i aria-hidden=\"true\" class=\"far fa-dot-circle\"><\/i>\t\t\t\t\t\t<\/span>\n\t\t\t\t\t\t\t\t\t\t<span class=\"elementor-icon-list-text\">Alle Markisen werden mit einer 6-mm-Kador-Schiene geliefert<\/span>\n\t\t\t\t\t\t\t\t\t<\/li>\n\t\t\t\t\t\t\t\t<li class=\"elementor-icon-list-item\">\n\t\t\t\t\t\t\t\t\t\t\t<span class=\"elementor-icon-list-icon\">\n\t\t\t\t\t\t\t<i aria-hidden=\"true\" class=\"far fa-dot-circle\"><\/i>\t\t\t\t\t\t<\/span>\n\t\t\t\t\t\t\t\t\t\t<span class=\"elementor-icon-list-text\">Markisen von Outdoor Revolution verf\u00fcgen \u00fcber einen 4 mm und 6 mm starken Kador-Streifen.<\/span>\n\t\t\t\t\t\t\t\t\t<\/li>\n\t\t\t\t\t\t\t\t<li class=\"elementor-icon-list-item\">\n\t\t\t\t\t\t\t\t\t\t\t<span class=\"elementor-icon-list-icon\">\n\t\t\t\t\t\t\t<i aria-hidden=\"true\" class=\"far fa-dot-circle\"><\/i>\t\t\t\t\t\t<\/span>\n\t\t\t\t\t\t\t\t\t\t<span class=\"elementor-icon-list-text\">Der Kador-Streifen l\u00e4sst sich direkt in die Seite Ihrer Schiene oder Ihres C-Kanals einschieben. Alternativ k\u00f6nnen Sie ein abfahrbares Befestigungsset verwenden, um schnellere Ergebnisse zu erzielen und die M\u00f6glichkeit zu haben, ganz nach Wunsch mit dem Fahrzeug von der Markise zu kommen und zu gehen.<\/span>\n\t\t\t\t\t\t\t\t\t<\/li>\n\t\t\t\t\t\t<\/ul>\n\t\t\t\t<\/div>\n\t\t\t\t<\/div>\n\t\t\t\t<div class=\"elementor-element elementor-element-d142b97 elementor-widget elementor-widget-heading\" data-id=\"d142b97\" data-element_type=\"widget\" data-widget_type=\"heading.default\">\n\t\t\t\t<div class=\"elementor-widget-container\">\n\t\t\t<h4 class=\"elementor-heading-title elementor-size-default\">Stangen- und Klemmen-Set<\/h4>\t\t<\/div>\n\t\t\t\t<\/div>\n\t\t\t\t<div class=\"elementor-element elementor-element-270df5b elementor-icon-list--layout-traditional elementor-list-item-link-full_width elementor-widget elementor-widget-icon-list\" data-id=\"270df5b\" data-element_type=\"widget\" data-widget_type=\"icon-list.default\">\n\t\t\t\t<div class=\"elementor-widget-container\">\n\t\t\t\t\t<ul class=\"elementor-icon-list-items\">\n\t\t\t\t\t\t\t<li class=\"elementor-icon-list-item\">\n\t\t\t\t\t\t\t\t\t\t\t<span class=\"elementor-icon-list-icon\">\n\t\t\t\t\t\t\t<i aria-hidden=\"true\" class=\"far fa-dot-circle\"><\/i>\t\t\t\t\t\t<\/span>\n\t\t\t\t\t\t\t\t\t\t<span class=\"elementor-icon-list-text\">Ideal f\u00fcr \u00e4ltere Wohnmobilmodelle mit Dachrinne<\/span>\n\t\t\t\t\t\t\t\t\t<\/li>\n\t\t\t\t\t\t\t\t<li class=\"elementor-icon-list-item\">\n\t\t\t\t\t\t\t\t\t\t\t<span class=\"elementor-icon-list-icon\">\n\t\t\t\t\t\t\t<i aria-hidden=\"true\" class=\"far fa-dot-circle\"><\/i>\t\t\t\t\t\t<\/span>\n\t\t\t\t\t\t\t\t\t\t<span class=\"elementor-icon-list-text\">F\u00e4deln Sie einfach die Stahlstange durch die H\u00fclse \u2013 und befestigen Sie die Markise mit den Klammern an der Dachrinne.<\/span>\n\t\t\t\t\t\t\t\t\t<\/li>\n\t\t\t\t\t\t<\/ul>\n\t\t\t\t<\/div>\n\t\t\t\t<\/div>\n\t\t\t\t<div class=\"elementor-element elementor-element-4d2e442 elementor-widget elementor-widget-heading\" data-id=\"4d2e442\" data-element_type=\"widget\" data-widget_type=\"heading.default\">\n\t\t\t\t<div class=\"elementor-widget-container\">\n\t\t\t<h4 class=\"elementor-heading-title elementor-size-default\">Sturmgurte\n<\/h4>\t\t<\/div>\n\t\t\t\t<\/div>\n\t\t\t\t<div class=\"elementor-element elementor-element-389a769 elementor-icon-list--layout-traditional elementor-list-item-link-full_width elementor-widget elementor-widget-icon-list\" data-id=\"389a769\" data-element_type=\"widget\" data-widget_type=\"icon-list.default\">\n\t\t\t\t<div class=\"elementor-widget-container\">\n\t\t\t\t\t<ul class=\"elementor-icon-list-items\">\n\t\t\t\t\t\t\t<li class=\"elementor-icon-list-item\">\n\t\t\t\t\t\t\t\t\t\t\t<span class=\"elementor-icon-list-icon\">\n\t\t\t\t\t\t\t<i aria-hidden=\"true\" class=\"far fa-dot-circle\"><\/i>\t\t\t\t\t\t<\/span>\n\t\t\t\t\t\t\t\t\t\t<span class=\"elementor-icon-list-text\">8 m lange Sturmgurte werden in die Markise geschnallt.<\/span>\n\t\t\t\t\t\t\t\t\t<\/li>\n\t\t\t\t\t\t\t\t<li class=\"elementor-icon-list-item\">\n\t\t\t\t\t\t\t\t\t\t\t<span class=\"elementor-icon-list-icon\">\n\t\t\t\t\t\t\t<i aria-hidden=\"true\" class=\"far fa-dot-circle\"><\/i>\t\t\t\t\t\t<\/span>\n\t\t\t\t\t\t\t\t\t\t<span class=\"elementor-icon-list-text\">Wird an der anderen Seite des Lieferwagens oder Wohnmobils befestigt.<\/span>\n\t\t\t\t\t\t\t\t\t<\/li>\n\t\t\t\t\t\t<\/ul>\n\t\t\t\t<\/div>\n\t\t\t\t<\/div>\n\t\t\t\t<div class=\"elementor-element elementor-element-522ed01 elementor-widget elementor-widget-heading\" data-id=\"522ed01\" data-element_type=\"widget\" data-widget_type=\"heading.default\">\n\t\t\t\t<div class=\"elementor-widget-container\">\n\t\t\t<h4 class=\"elementor-heading-title elementor-size-default\">Klettverschl\u00fcsse<\/h4>\t\t<\/div>\n\t\t\t\t<\/div>\n\t\t\t\t<div class=\"elementor-element elementor-element-6d773c8 elementor-icon-list--layout-traditional elementor-list-item-link-full_width elementor-widget elementor-widget-icon-list\" data-id=\"6d773c8\" data-element_type=\"widget\" data-widget_type=\"icon-list.default\">\n\t\t\t\t<div class=\"elementor-widget-container\">\n\t\t\t\t\t<ul class=\"elementor-icon-list-items\">\n\t\t\t\t\t\t\t<li class=\"elementor-icon-list-item\">\n\t\t\t\t\t\t\t\t\t\t\t<span class=\"elementor-icon-list-icon\">\n\t\t\t\t\t\t\t<i aria-hidden=\"true\" class=\"far fa-dot-circle\"><\/i>\t\t\t\t\t\t<\/span>\n\t\t\t\t\t\t\t\t\t\t<span class=\"elementor-icon-list-text\">Die Klettverschl\u00fcsse werden an den Dachtr\u00e4gern befestigt, wenn Ihr Fahrzeug \u00fcber Dachtr\u00e4ger verf\u00fcgt.<\/span>\n\t\t\t\t\t\t\t\t\t<\/li>\n\t\t\t\t\t\t<\/ul>\n\t\t\t\t<\/div>\n\t\t\t\t<\/div>\n\t\t\t\t\t<\/div>\n\t\t<\/div>\n\t\t\t\t\t\t\t<\/div>\n\t\t<\/section>\n\t\t\t\t<section class=\"elementor-section elementor-top-section elementor-element elementor-element-d498d0a elementor-section-boxed elementor-section-height-default elementor-section-height-default\" data-id=\"d498d0a\" data-element_type=\"section\">\n\t\t\t\t\t\t<div class=\"elementor-container elementor-column-gap-default\">\n\t\t\t\t\t<div class=\"elementor-column elementor-col-100 elementor-top-column elementor-element elementor-element-3ccf395\" data-id=\"3ccf395\" data-element_type=\"column\">\n\t\t\t<div class=\"elementor-widget-wrap elementor-element-populated\">\n\t\t\t\t\t\t\t\t<div class=\"elementor-element elementor-element-6ce717d elementor-widget elementor-widget-heading\" data-id=\"6ce717d\" data-element_type=\"widget\" data-widget_type=\"heading.default\">\n\t\t\t\t<div class=\"elementor-widget-container\">\n\t\t\t<h3 class=\"elementor-heading-title elementor-size-default\">Welche H\u00f6he w\u00e4hlen?<\/h3>\t\t<\/div>\n\t\t\t\t<\/div>\n\t\t\t\t<div class=\"elementor-element elementor-element-28ef26f elementor-widget elementor-widget-text-editor\" data-id=\"28ef26f\" data-element_type=\"widget\" data-widget_type=\"text-editor.default\">\n\t\t\t\t<div class=\"elementor-widget-container\">\n\t\t\t\t\t\t\tEs gibt Markisen in drei verschiedenen Gr\u00f6\u00dfen \u2013 jede mit unterschiedlicher H\u00f6he des Anschlussfeldes. Das Vorzelt hat die gleiche Gr\u00f6\u00dfe und Form, das Verbindungspaneel passt jedoch auf eine andere H\u00f6he des Wohnmobils oder Wohnmobils. Typischerweise gilt die Regel, dass Wohnmobile ein niedriges Vorzelt und Wohnmobile ein hohes oder Highline-Vorzelt haben. Die Markisen mit mittlerer oder Standardh\u00f6he passen in die ungew\u00f6hnlich geformten Transporter zwischen einem Wohnmobil oder einem Wohnmobil.\t\t\t\t\t\t<\/div>\n\t\t\t\t<\/div>\n\t\t\t\t<div class=\"elementor-element elementor-element-6df3bce elementor-widget elementor-widget-heading\" data-id=\"6df3bce\" data-element_type=\"widget\" data-widget_type=\"heading.default\">\n\t\t\t\t<div class=\"elementor-widget-container\">\n\t\t\t<h4 class=\"elementor-heading-title elementor-size-default\">Niedrig oder Lowline (180 - 210 cm)<\/h4>\t\t<\/div>\n\t\t\t\t<\/div>\n\t\t\t\t<div class=\"elementor-element elementor-element-72f22a7 elementor-widget elementor-widget-text-editor\" data-id=\"72f22a7\" data-element_type=\"widget\" data-widget_type=\"text-editor.default\">\n\t\t\t\t<div class=\"elementor-widget-container\">\n\t\t\t\t\t\t\tPasst normalerweise in jedes Wohnmobil mit einer Anbauh\u00f6he von 180 cm \u2013 210 cm \u00fcber dem Boden. Alle Volkswagen Transporter und California-Vans sind mit einem NIEDRIGEN Vorzelt ausgestattet.\t\t\t\t\t\t<\/div>\n\t\t\t\t<\/div>\n\t\t\t\t<div class=\"elementor-element elementor-element-6cd0eaa elementor-widget elementor-widget-image\" data-id=\"6cd0eaa\" data-element_type=\"widget\" data-widget_type=\"image.default\">\n\t\t\t\t<div class=\"elementor-widget-container\">\n\t\t\t\t\t\t\t\t\t\t\t\t\t\t\t<img loading=\"lazy\" decoding=\"async\" width=\"1000\" height=\"1149\" src=\"https:\/\/uoogear.com\/wp-content\/uploads\/2023\/08\/vango-2020-awnings-floorplan-airhub-hexaway-low.jpg\" class=\"attachment-full size-full wp-image-2343\" alt=\"\" srcset=\"https:\/\/uoogear.com\/wp-content\/uploads\/2023\/08\/vango-2020-awnings-floorplan-airhub-hexaway-low.jpg 1000w, https:\/\/uoogear.com\/wp-content\/uploads\/2023\/08\/vango-2020-awnings-floorplan-airhub-hexaway-low-261x300.jpg 261w, https:\/\/uoogear.com\/wp-content\/uploads\/2023\/08\/vango-2020-awnings-floorplan-airhub-hexaway-low-891x1024.jpg 891w, https:\/\/uoogear.com\/wp-content\/uploads\/2023\/08\/vango-2020-awnings-floorplan-airhub-hexaway-low-768x882.jpg 768w, https:\/\/uoogear.com\/wp-content\/uploads\/2023\/08\/vango-2020-awnings-floorplan-airhub-hexaway-low-600x689.jpg 600w, https:\/\/uoogear.com\/wp-content\/uploads\/2023\/08\/vango-2020-awnings-floorplan-airhub-hexaway-low-47x54.jpg 47w\" sizes=\"auto, (max-width: 1000px) 100vw, 1000px\" \/>\t\t\t\t\t\t\t\t\t\t\t\t\t\t\t<\/div>\n\t\t\t\t<\/div>\n\t\t\t\t<div class=\"elementor-element elementor-element-20584f5 elementor-widget elementor-widget-heading\" data-id=\"20584f5\" data-element_type=\"widget\" data-widget_type=\"heading.default\">\n\t\t\t\t<div class=\"elementor-widget-container\">\n\t\t\t<h4 class=\"elementor-heading-title elementor-size-default\">Standard oder Mittellinie (205\u2013245 cm)<\/h4>\t\t<\/div>\n\t\t\t\t<\/div>\n\t\t\t\t<div class=\"elementor-element elementor-element-6dc1f17 elementor-widget elementor-widget-text-editor\" data-id=\"6dc1f17\" data-element_type=\"widget\" data-widget_type=\"text-editor.default\">\n\t\t\t\t<div class=\"elementor-widget-container\">\n\t\t\t\t\t\t\tMittlere oder Standard-Markisen sind die am wenigsten beliebte Wahl, da sie f\u00fcr weniger Fahrzeugtypen geeignet sind. Ein mittleres Vorzelt passt in jeden Transporter mit einer H\u00f6he zwischen 205 und 245 cm. Zu jeder Markise wird Ihnen die empfohlene H\u00f6he mitgeteilt. Daher lohnt es sich, die Produktliste zu pr\u00fcfen, bevor Sie einen Kauf t\u00e4tigen.\t\t\t\t\t\t<\/div>\n\t\t\t\t<\/div>\n\t\t\t\t<div class=\"elementor-element elementor-element-fd89c0e elementor-widget elementor-widget-image\" data-id=\"fd89c0e\" data-element_type=\"widget\" data-widget_type=\"image.default\">\n\t\t\t\t<div class=\"elementor-widget-container\">\n\t\t\t\t\t\t\t\t\t\t\t\t\t\t\t<img loading=\"lazy\" decoding=\"async\" width=\"485\" height=\"587\" src=\"https:\/\/uoogear.com\/wp-content\/uploads\/2023\/08\/Vango-2020-awnings-floorplan-kela-III-std.jpg\" class=\"attachment-full size-full wp-image-2344\" alt=\"\" srcset=\"https:\/\/uoogear.com\/wp-content\/uploads\/2023\/08\/Vango-2020-awnings-floorplan-kela-III-std.jpg 485w, https:\/\/uoogear.com\/wp-content\/uploads\/2023\/08\/Vango-2020-awnings-floorplan-kela-III-std-248x300.jpg 248w, https:\/\/uoogear.com\/wp-content\/uploads\/2023\/08\/Vango-2020-awnings-floorplan-kela-III-std-45x54.jpg 45w\" sizes=\"auto, (max-width: 485px) 100vw, 485px\" \/>\t\t\t\t\t\t\t\t\t\t\t\t\t\t\t<\/div>\n\t\t\t\t<\/div>\n\t\t\t\t<div class=\"elementor-element elementor-element-b32136a elementor-widget elementor-widget-heading\" data-id=\"b32136a\" data-element_type=\"widget\" data-widget_type=\"heading.default\">\n\t\t\t\t<div class=\"elementor-widget-container\">\n\t\t\t<h4 class=\"elementor-heading-title elementor-size-default\">Hoch oder Highline (245\u2013295 cm)<\/h4>\t\t<\/div>\n\t\t\t\t<\/div>\n\t\t\t\t<div class=\"elementor-element elementor-element-bcf752b elementor-widget elementor-widget-text-editor\" data-id=\"bcf752b\" data-element_type=\"widget\" data-widget_type=\"text-editor.default\">\n\t\t\t\t<div class=\"elementor-widget-container\">\n\t\t\t\t\t\t\tHohe oder Highline-Markisen passen immer in ein Wohnmobil, dessen Befestigungspunkt normalerweise 295 cm hoch ist. Um eine Markise dieser H\u00f6he anzubringen, ist es normalerweise besser, eine Ausziehschiene an der Seite des Wohnmobils anzubringen, die es Ihnen erm\u00f6glicht, die Schiene auf Standh\u00f6he herunterzufahren, um die Markise im Kanal zu befestigen, bevor Sie sie wieder aufwickeln In.\t\t\t\t\t\t<\/div>\n\t\t\t\t<\/div>\n\t\t\t\t<div class=\"elementor-element elementor-element-975e91a elementor-widget elementor-widget-image\" data-id=\"975e91a\" data-element_type=\"widget\" data-widget_type=\"image.default\">\n\t\t\t\t<div class=\"elementor-widget-container\">\n\t\t\t\t\t\t\t\t\t\t\t\t\t\t\t<img loading=\"lazy\" decoding=\"async\" width=\"1000\" height=\"1188\" src=\"https:\/\/uoogear.com\/wp-content\/uploads\/2023\/08\/vango-2020-awnings-floorplan-airhub-hexaway-tall.jpg\" class=\"attachment-full size-full wp-image-2345\" alt=\"\" srcset=\"https:\/\/uoogear.com\/wp-content\/uploads\/2023\/08\/vango-2020-awnings-floorplan-airhub-hexaway-tall.jpg 1000w, https:\/\/uoogear.com\/wp-content\/uploads\/2023\/08\/vango-2020-awnings-floorplan-airhub-hexaway-tall-253x300.jpg 253w, https:\/\/uoogear.com\/wp-content\/uploads\/2023\/08\/vango-2020-awnings-floorplan-airhub-hexaway-tall-862x1024.jpg 862w, https:\/\/uoogear.com\/wp-content\/uploads\/2023\/08\/vango-2020-awnings-floorplan-airhub-hexaway-tall-768x912.jpg 768w, https:\/\/uoogear.com\/wp-content\/uploads\/2023\/08\/vango-2020-awnings-floorplan-airhub-hexaway-tall-600x713.jpg 600w, https:\/\/uoogear.com\/wp-content\/uploads\/2023\/08\/vango-2020-awnings-floorplan-airhub-hexaway-tall-45x54.jpg 45w\" sizes=\"auto, (max-width: 1000px) 100vw, 1000px\" \/>\t\t\t\t\t\t\t\t\t\t\t\t\t\t\t<\/div>\n\t\t\t\t<\/div>\n\t\t\t\t\t<\/div>\n\t\t<\/div>\n\t\t\t\t\t\t\t<\/div>\n\t\t<\/section>\n\t\t\t\t<section class=\"elementor-section elementor-top-section elementor-element elementor-element-9f27e71 elementor-section-boxed elementor-section-height-default elementor-section-height-default\" data-id=\"9f27e71\" data-element_type=\"section\">\n\t\t\t\t\t\t<div class=\"elementor-container elementor-column-gap-default\">\n\t\t\t\t\t<div class=\"elementor-column elementor-col-100 elementor-top-column elementor-element elementor-element-bfb71d9\" data-id=\"bfb71d9\" data-element_type=\"column\">\n\t\t\t<div class=\"elementor-widget-wrap elementor-element-populated\">\n\t\t\t\t\t\t\t\t<div class=\"elementor-element elementor-element-d898d75 elementor-widget elementor-widget-heading\" data-id=\"d898d75\" data-element_type=\"widget\" data-widget_type=\"heading.default\">\n\t\t\t\t<div class=\"elementor-widget-container\">\n\t\t\t<h3 class=\"elementor-heading-title elementor-size-default\">Zweck der Markise?<\/h3>\t\t<\/div>\n\t\t\t\t<\/div>\n\t\t\t\t<div class=\"elementor-element elementor-element-55447b4 elementor-widget elementor-widget-text-editor\" data-id=\"55447b4\" data-element_type=\"widget\" data-widget_type=\"text-editor.default\">\n\t\t\t\t<div class=\"elementor-widget-container\">\n\t\t\t\t\t\t\tSoll es zus\u00e4tzlichen Platz, Stauraum oder zus\u00e4tzlichen Schlafplatz bieten, wenn die Enkelkinder oder Freunde am Wochenende mit Ihnen campen? Es ist wichtig, fr\u00fchzeitig zu kl\u00e4ren, f\u00fcr welchen Zweck bzw. welche Zwecke Sie die Markise ben\u00f6tigen. Die meisten Vorzelte bieten eine Kombination verschiedener Optionen, sodass Schlafinnenzelte in das Vorzelt integriert werden k\u00f6nnen. Allerdings handelt es sich bei einigen Markisen lediglich um Stauraum \u2013 pr\u00fcfen Sie daher unbedingt noch einmal, ob die Markise Ihren Bed\u00fcrfnissen entspricht.\t\t\t\t\t\t<\/div>\n\t\t\t\t<\/div>\n\t\t\t\t\t<\/div>\n\t\t<\/div>\n\t\t\t\t\t\t\t<\/div>\n\t\t<\/section>\n\t\t\t\t<section class=\"elementor-section elementor-top-section elementor-element elementor-element-b08b95c elementor-section-boxed elementor-section-height-default elementor-section-height-default\" data-id=\"b08b95c\" data-element_type=\"section\">\n\t\t\t\t\t\t<div class=\"elementor-container elementor-column-gap-default\">\n\t\t\t\t\t<div class=\"elementor-column elementor-col-100 elementor-top-column elementor-element elementor-element-3d60491\" data-id=\"3d60491\" data-element_type=\"column\">\n\t\t\t<div class=\"elementor-widget-wrap elementor-element-populated\">\n\t\t\t\t\t\t\t\t<div class=\"elementor-element elementor-element-1cd5d92 elementor-widget elementor-widget-heading\" data-id=\"1cd5d92\" data-element_type=\"widget\" data-widget_type=\"heading.default\">\n\t\t\t\t<div class=\"elementor-widget-container\">\n\t\t\t<h3 class=\"elementor-heading-title elementor-size-default\">Arten von Markisen<\/h3>\t\t<\/div>\n\t\t\t\t<\/div>\n\t\t\t\t<div class=\"elementor-element elementor-element-3b3882c elementor-widget elementor-widget-heading\" data-id=\"3b3882c\" data-element_type=\"widget\" data-widget_type=\"heading.default\">\n\t\t\t\t<div class=\"elementor-widget-container\">\n\t\t\t<h4 class=\"elementor-heading-title elementor-size-default\">Nach vorne gerichtete Markisen<\/h4>\t\t<\/div>\n\t\t\t\t<\/div>\n\t\t\t\t<div class=\"elementor-element elementor-element-d319696 elementor-widget elementor-widget-image\" data-id=\"d319696\" data-element_type=\"widget\" data-widget_type=\"image.default\">\n\t\t\t\t<div class=\"elementor-widget-container\">\n\t\t\t\t\t\t\t\t\t\t\t\t\t\t\t<img loading=\"lazy\" decoding=\"async\" width=\"800\" height=\"328\" src=\"https:\/\/uoogear.com\/wp-content\/uploads\/2023\/08\/2020-Vango-Lifestyle-Awning-Faros-Vehicle-33.jpg\" class=\"attachment-full size-full wp-image-2349\" alt=\"\" srcset=\"https:\/\/uoogear.com\/wp-content\/uploads\/2023\/08\/2020-Vango-Lifestyle-Awning-Faros-Vehicle-33.jpg 800w, https:\/\/uoogear.com\/wp-content\/uploads\/2023\/08\/2020-Vango-Lifestyle-Awning-Faros-Vehicle-33-300x123.jpg 300w, https:\/\/uoogear.com\/wp-content\/uploads\/2023\/08\/2020-Vango-Lifestyle-Awning-Faros-Vehicle-33-768x315.jpg 768w, https:\/\/uoogear.com\/wp-content\/uploads\/2023\/08\/2020-Vango-Lifestyle-Awning-Faros-Vehicle-33-600x246.jpg 600w, https:\/\/uoogear.com\/wp-content\/uploads\/2023\/08\/2020-Vango-Lifestyle-Awning-Faros-Vehicle-33-90x37.jpg 90w\" sizes=\"auto, (max-width: 800px) 100vw, 800px\" \/>\t\t\t\t\t\t\t\t\t\t\t\t\t\t\t<\/div>\n\t\t\t\t<\/div>\n\t\t\t\t<div class=\"elementor-element elementor-element-6ba0daa elementor-widget elementor-widget-text-editor\" data-id=\"6ba0daa\" data-element_type=\"widget\" data-widget_type=\"text-editor.default\">\n\t\t\t\t<div class=\"elementor-widget-container\">\n\t\t\t\t\t\t\tEine nach vorne gerichtete Markise zeigt von der Seite Ihres Lieferwagens nach au\u00dfen, wie auf dem Foto unten zu sehen ist. Eine beliebte Markisenart f\u00fcr alle, die eine kleinere, kompaktere Markise w\u00fcnschen.\t\t\t\t\t\t<\/div>\n\t\t\t\t<\/div>\n\t\t\t\t<div class=\"elementor-element elementor-element-d122301 elementor-widget elementor-widget-text-editor\" data-id=\"d122301\" data-element_type=\"widget\" data-widget_type=\"text-editor.default\">\n\t\t\t\t<div class=\"elementor-widget-container\">\n\t\t\t\t\t\t\tDies kann jedoch ein Nachteil sein, wenn Sie sich auf einer Art Campingplatz befinden, bei dem Sie mit dem Van bis zum hinteren Teil des Stellplatzes zur\u00fcckfahren m\u00fcssen. Eine nach vorne gerichtete Markise ist dann direkt zur Seite des Campingplatzes ausgerichtet \u2013 die normalerweise direkt an einem Nachbarn liegt \u2013 und nicht zur Aussicht hin.\t\t\t\t\t\t<\/div>\n\t\t\t\t<\/div>\n\t\t\t\t<div class=\"elementor-element elementor-element-7649f55 elementor-widget elementor-widget-heading\" data-id=\"7649f55\" data-element_type=\"widget\" data-widget_type=\"heading.default\">\n\t\t\t\t<div class=\"elementor-widget-container\">\n\t\t\t<h4 class=\"elementor-heading-title elementor-size-default\">Seitlich ausgerichtete Markisen<\/h4>\t\t<\/div>\n\t\t\t\t<\/div>\n\t\t\t\t<div class=\"elementor-element elementor-element-2feb07f elementor-widget elementor-widget-image\" data-id=\"2feb07f\" data-element_type=\"widget\" data-widget_type=\"image.default\">\n\t\t\t\t<div class=\"elementor-widget-container\">\n\t\t\t\t\t\t\t\t\t\t\t\t\t\t\t<img loading=\"lazy\" decoding=\"async\" width=\"800\" height=\"311\" src=\"https:\/\/uoogear.com\/wp-content\/uploads\/2023\/08\/2020-Vango-Lifestyle-Awning-Cove-05.jpg\" class=\"attachment-full size-full wp-image-2350\" alt=\"\" srcset=\"https:\/\/uoogear.com\/wp-content\/uploads\/2023\/08\/2020-Vango-Lifestyle-Awning-Cove-05.jpg 800w, https:\/\/uoogear.com\/wp-content\/uploads\/2023\/08\/2020-Vango-Lifestyle-Awning-Cove-05-300x117.jpg 300w, https:\/\/uoogear.com\/wp-content\/uploads\/2023\/08\/2020-Vango-Lifestyle-Awning-Cove-05-768x299.jpg 768w, https:\/\/uoogear.com\/wp-content\/uploads\/2023\/08\/2020-Vango-Lifestyle-Awning-Cove-05-600x233.jpg 600w, https:\/\/uoogear.com\/wp-content\/uploads\/2023\/08\/2020-Vango-Lifestyle-Awning-Cove-05-90x35.jpg 90w\" sizes=\"auto, (max-width: 800px) 100vw, 800px\" \/>\t\t\t\t\t\t\t\t\t\t\t\t\t\t\t<\/div>\n\t\t\t\t<\/div>\n\t\t\t\t<div class=\"elementor-element elementor-element-cc5f658 elementor-widget elementor-widget-text-editor\" data-id=\"cc5f658\" data-element_type=\"widget\" data-widget_type=\"text-editor.default\">\n\t\t\t\t<div class=\"elementor-widget-container\">\n\t\t\t\t\t\t\tEine Seitenmarkise liegt parallel zum Transporter und bietet eine Anschlussplatte an der Seite der Markise. Seitenmarkisen bieten au\u00dferdem viel Platz und bieten eine gute M\u00f6glichkeit, Schlafkapseln im Vorzelt zu befestigen. Bei einer seitlich ausgerichteten Markise m\u00fcssen Sie darauf achten, den richtigen Markisentyp auszuw\u00e4hlen und sicherzustellen, dass sich das Anschlussfeld auf der richtigen Seite des Fahrzeugs befindet.\t\t\t\t\t\t<\/div>\n\t\t\t\t<\/div>\n\t\t\t\t<div class=\"elementor-element elementor-element-708cbd7 elementor-widget elementor-widget-heading\" data-id=\"708cbd7\" data-element_type=\"widget\" data-widget_type=\"heading.default\">\n\t\t\t\t<div class=\"elementor-widget-container\">\n\t\t\t<h4 class=\"elementor-heading-title elementor-size-default\">Beispiel :<\/h4>\t\t<\/div>\n\t\t\t\t<\/div>\n\t\t\t\t<div class=\"elementor-element elementor-element-3e0e501 elementor-widget elementor-widget-text-editor\" data-id=\"3e0e501\" data-element_type=\"widget\" data-widget_type=\"text-editor.default\">\n\t\t\t\t<div class=\"elementor-widget-container\">\n\t\t\t\t\t\t\tGalli Low: Passend f\u00fcr die meisten britischen Wohnmobile \u2013 bei denen sich die T\u00fcr\u00f6ffnung auf der Beifahrerseite befindet. Sitzt parallel zum Transporter und zeigt in die gleiche Richtung wie die Vorderseite des Transporters.\t\t\t\t\t\t<\/div>\n\t\t\t\t<\/div>\n\t\t\t\t<div class=\"elementor-element elementor-element-d73111a elementor-widget elementor-widget-image\" data-id=\"d73111a\" data-element_type=\"widget\" data-widget_type=\"image.default\">\n\t\t\t\t<div class=\"elementor-widget-container\">\n\t\t\t\t\t\t\t\t\t\t\t\t\t\t\t<img loading=\"lazy\" decoding=\"async\" width=\"800\" height=\"262\" src=\"https:\/\/uoogear.com\/wp-content\/uploads\/2023\/08\/galli-regular.jpg\" class=\"attachment-full size-full wp-image-2351\" alt=\"\" srcset=\"https:\/\/uoogear.com\/wp-content\/uploads\/2023\/08\/galli-regular.jpg 800w, https:\/\/uoogear.com\/wp-content\/uploads\/2023\/08\/galli-regular-300x98.jpg 300w, https:\/\/uoogear.com\/wp-content\/uploads\/2023\/08\/galli-regular-768x252.jpg 768w, https:\/\/uoogear.com\/wp-content\/uploads\/2023\/08\/galli-regular-600x197.jpg 600w, https:\/\/uoogear.com\/wp-content\/uploads\/2023\/08\/galli-regular-90x29.jpg 90w\" sizes=\"auto, (max-width: 800px) 100vw, 800px\" \/>\t\t\t\t\t\t\t\t\t\t\t\t\t\t\t<\/div>\n\t\t\t\t<\/div>\n\t\t\t\t<div class=\"elementor-element elementor-element-4f180a5 elementor-widget elementor-widget-text-editor\" data-id=\"4f180a5\" data-element_type=\"widget\" data-widget_type=\"text-editor.default\">\n\t\t\t\t<div class=\"elementor-widget-container\">\n\t\t\t\t\t\t\tGalli RSV \u2013 der RSV w\u00fcrde in einen Transporter passen, dessen Verbindungst\u00fcr sich auf der Fahrerseite (UK) \/ Beifahrerseite (EU) befindet. Dieser Galli w\u00fcrde also auf die Fahrerseite passen und zur Vorderseite des Lieferwagens zeigen \u2013 alternativ k\u00f6nnte man ihn auch auf die Beifahrerseite montieren, aber er w\u00fcrde zur R\u00fcckseite des Lieferwagens zeigen \u2013 und nicht zur Vorderseite.\t\t\t\t\t\t<\/div>\n\t\t\t\t<\/div>\n\t\t\t\t<div class=\"elementor-element elementor-element-b8a6a21 elementor-widget elementor-widget-image\" data-id=\"b8a6a21\" data-element_type=\"widget\" data-widget_type=\"image.default\">\n\t\t\t\t<div class=\"elementor-widget-container\">\n\t\t\t\t\t\t\t\t\t\t\t\t\t\t\t<img loading=\"lazy\" decoding=\"async\" width=\"800\" height=\"264\" src=\"https:\/\/uoogear.com\/wp-content\/uploads\/2023\/08\/galli-rsv.jpg\" class=\"attachment-full size-full wp-image-2352\" alt=\"\" srcset=\"https:\/\/uoogear.com\/wp-content\/uploads\/2023\/08\/galli-rsv.jpg 800w, https:\/\/uoogear.com\/wp-content\/uploads\/2023\/08\/galli-rsv-300x99.jpg 300w, https:\/\/uoogear.com\/wp-content\/uploads\/2023\/08\/galli-rsv-768x253.jpg 768w, https:\/\/uoogear.com\/wp-content\/uploads\/2023\/08\/galli-rsv-600x198.jpg 600w, https:\/\/uoogear.com\/wp-content\/uploads\/2023\/08\/galli-rsv-90x30.jpg 90w\" sizes=\"auto, (max-width: 800px) 100vw, 800px\" \/>\t\t\t\t\t\t\t\t\t\t\t\t\t\t\t<\/div>\n\t\t\t\t<\/div>\n\t\t\t\t<div class=\"elementor-element elementor-element-f9d353c elementor-widget elementor-widget-heading\" data-id=\"f9d353c\" data-element_type=\"widget\" data-widget_type=\"heading.default\">\n\t\t\t\t<div class=\"elementor-widget-container\">\n\t\t\t<h4 class=\"elementor-heading-title elementor-size-default\">Anbau- oder Heckmarkisen<\/h4>\t\t<\/div>\n\t\t\t\t<\/div>\n\t\t\t\t<div class=\"elementor-element elementor-element-a4531be elementor-widget elementor-widget-text-editor\" data-id=\"a4531be\" data-element_type=\"widget\" data-widget_type=\"text-editor.default\">\n\t\t\t\t<div class=\"elementor-widget-container\">\n\t\t\t\t\t\t\tDie Heckanbaumarkise passt an die R\u00fcckseite des Transporters und deckt die Hintert\u00fcren des Wohnmobils ab. Ideal f\u00fcr Transporter im VW- oder Fiat-Ducato-Stil.\t\t\t\t\t\t<\/div>\n\t\t\t\t<\/div>\n\t\t\t\t\t<\/div>\n\t\t<\/div>\n\t\t\t\t\t\t\t<\/div>\n\t\t<\/section>\n\t\t\t\t<section class=\"elementor-section elementor-top-section elementor-element elementor-element-e116f7e elementor-section-boxed elementor-section-height-default elementor-section-height-default\" data-id=\"e116f7e\" data-element_type=\"section\">\n\t\t\t\t\t\t<div class=\"elementor-container elementor-column-gap-default\">\n\t\t\t\t\t<div class=\"elementor-column elementor-col-100 elementor-top-column elementor-element elementor-element-5676b7d\" data-id=\"5676b7d\" data-element_type=\"column\">\n\t\t\t<div class=\"elementor-widget-wrap elementor-element-populated\">\n\t\t\t\t\t\t\t\t<div class=\"elementor-element elementor-element-62bd266 elementor-widget elementor-widget-heading\" data-id=\"62bd266\" data-element_type=\"widget\" data-widget_type=\"heading.default\">\n\t\t\t\t<div class=\"elementor-widget-container\">\n\t\t\t<h3 class=\"elementor-heading-title elementor-size-default\">Stoffart<\/h3>\t\t<\/div>\n\t\t\t\t<\/div>\n\t\t\t\t<div class=\"elementor-element elementor-element-2ae5c5d elementor-widget elementor-widget-heading\" data-id=\"2ae5c5d\" data-element_type=\"widget\" data-widget_type=\"heading.default\">\n\t\t\t\t<div class=\"elementor-widget-container\">\n\t\t\t<h4 class=\"elementor-heading-title elementor-size-default\">Polyester Fabrik<\/h4>\t\t<\/div>\n\t\t\t\t<\/div>\n\t\t\t\t<div class=\"elementor-element elementor-element-7d8ab5d elementor-widget elementor-widget-text-editor\" data-id=\"7d8ab5d\" data-element_type=\"widget\" data-widget_type=\"text-editor.default\">\n\t\t\t\t<div class=\"elementor-widget-container\">\n\t\t\t\t\t\t\tAufgrund seines geringen Gewichts und des kleineren Packma\u00dfes wird Polyestergewebe in der Regel f\u00fcr die Herstellung von Markisen verwendet. Perfekt f\u00fcr Reisecamper, da es einfacher und tragbarer ist.\t\t\t\t\t\t<\/div>\n\t\t\t\t<\/div>\n\t\t\t\t<div class=\"elementor-element elementor-element-629d155 elementor-icon-list--layout-traditional elementor-list-item-link-full_width elementor-widget elementor-widget-icon-list\" data-id=\"629d155\" data-element_type=\"widget\" data-widget_type=\"icon-list.default\">\n\t\t\t\t<div class=\"elementor-widget-container\">\n\t\t\t\t\t<ul class=\"elementor-icon-list-items\">\n\t\t\t\t\t\t\t<li class=\"elementor-icon-list-item\">\n\t\t\t\t\t\t\t\t\t\t\t<span class=\"elementor-icon-list-icon\">\n\t\t\t\t\t\t\t<i aria-hidden=\"true\" class=\"far fa-dot-circle\"><\/i>\t\t\t\t\t\t<\/span>\n\t\t\t\t\t\t\t\t\t\t<span class=\"elementor-icon-list-text\"><strong>70 Denier <\/strong>- ein Stoff der Einstiegsklasse, der sich vor allem f\u00fcr k\u00fcrzere Campingausfl\u00fcge im Sommer eignet.<\/span>\n\t\t\t\t\t\t\t\t\t<\/li>\n\t\t\t\t\t\t<\/ul>\n\t\t\t\t<\/div>\n\t\t\t\t<\/div>\n\t\t\t\t<div class=\"elementor-element elementor-element-209a39c elementor-widget elementor-widget-heading\" data-id=\"209a39c\" data-element_type=\"widget\" data-widget_type=\"heading.default\">\n\t\t\t\t<div class=\"elementor-widget-container\">\n\t\t\t<h5 class=\"elementor-heading-title elementor-size-default\">Beispiel :<\/h5>\t\t<\/div>\n\t\t\t\t<\/div>\n\t\t\t\t<div class=\"elementor-element elementor-element-4b5b8d4 elementor-widget elementor-widget-heading\" data-id=\"4b5b8d4\" data-element_type=\"widget\" data-widget_type=\"heading.default\">\n\t\t\t\t<div class=\"elementor-widget-container\">\n\t\t\t<h5 class=\"elementor-heading-title elementor-size-default\">Vango Faros ii<\/h5>\t\t<\/div>\n\t\t\t\t<\/div>\n\t\t\t\t<div class=\"elementor-element elementor-element-440d20e elementor-icon-list--layout-traditional elementor-list-item-link-full_width elementor-widget elementor-widget-icon-list\" data-id=\"440d20e\" data-element_type=\"widget\" data-widget_type=\"icon-list.default\">\n\t\t\t\t<div class=\"elementor-widget-container\">\n\t\t\t\t\t<ul class=\"elementor-icon-list-items\">\n\t\t\t\t\t\t\t<li class=\"elementor-icon-list-item\">\n\t\t\t\t\t\t\t\t\t\t\t<span class=\"elementor-icon-list-icon\">\n\t\t\t\t\t\t\t<i aria-hidden=\"true\" class=\"far fa-dot-circle\"><\/i>\t\t\t\t\t\t<\/span>\n\t\t\t\t\t\t\t\t\t\t<span class=\"elementor-icon-list-text\"><strong>150 Denier <\/strong>- Ein 150-Denier-Polyester bietet eine gute Balance zwischen h\u00f6herer Qualit\u00e4t und Gewicht. Der 150-Denier-Stoff ist ein st\u00e4rkerer, dickerer Stoff, der sich perfekt f\u00fcr diejenigen eignet, die ein leicht aufzubauendes Vorzelt mit strapazierf\u00e4higem Stoff w\u00fcnschen.<\/span>\n\t\t\t\t\t\t\t\t\t<\/li>\n\t\t\t\t\t\t<\/ul>\n\t\t\t\t<\/div>\n\t\t\t\t<\/div>\n\t\t\t\t<div class=\"elementor-element elementor-element-e0ea8ae elementor-widget elementor-widget-heading\" data-id=\"e0ea8ae\" data-element_type=\"widget\" data-widget_type=\"heading.default\">\n\t\t\t\t<div class=\"elementor-widget-container\">\n\t\t\t<h5 class=\"elementor-heading-title elementor-size-default\">Vango Magra niedrige Markise<\/h5>\t\t<\/div>\n\t\t\t\t<\/div>\n\t\t\t\t<div class=\"elementor-element elementor-element-3493e49 elementor-widget__width-initial elementor-icon-list--layout-traditional elementor-list-item-link-full_width elementor-widget elementor-widget-icon-list\" data-id=\"3493e49\" data-element_type=\"widget\" data-widget_type=\"icon-list.default\">\n\t\t\t\t<div class=\"elementor-widget-container\">\n\t\t\t\t\t<ul class=\"elementor-icon-list-items\">\n\t\t\t\t\t\t\t<li class=\"elementor-icon-list-item\">\n\t\t\t\t\t\t\t\t\t\t\t<span class=\"elementor-icon-list-icon\">\n\t\t\t\t\t\t\t<i aria-hidden=\"true\" class=\"far fa-dot-circle\"><\/i>\t\t\t\t\t\t<\/span>\n\t\t\t\t\t\t\t\t\t\t<span class=\"elementor-icon-list-text\"><strong>Doppel-Ripstop-Polyester <\/strong>\u2013 Hierbei handelt es sich in der Regel um st\u00e4rkere Vorzelte, die sich ideal f\u00fcr Camper eignen, die fr\u00fcher oder sp\u00e4ter in der Campingsaison ausgehen. Die Haltbarkeit dieses Stoffes ist viel h\u00f6her und reicht von 420 Denier bis 600 Denier \u2013 was 245% st\u00e4rker ist als 70-Denier-Polyesterstoff. <\/span>\n\t\t\t\t\t\t\t\t\t<\/li>\n\t\t\t\t\t\t<\/ul>\n\t\t\t\t<\/div>\n\t\t\t\t<\/div>\n\t\t\t\t<div class=\"elementor-element elementor-element-21cba5b elementor-widget elementor-widget-heading\" data-id=\"21cba5b\" data-element_type=\"widget\" data-widget_type=\"heading.default\">\n\t\t\t\t<div class=\"elementor-widget-container\">\n\t\t\t<h4 class=\"elementor-heading-title elementor-size-default\">Polycotton-Stoff<\/h4>\t\t<\/div>\n\t\t\t\t<\/div>\n\t\t\t\t<div class=\"elementor-element elementor-element-f36ac26 elementor-widget elementor-widget-text-editor\" data-id=\"f36ac26\" data-element_type=\"widget\" data-widget_type=\"text-editor.default\">\n\t\t\t\t<div class=\"elementor-widget-container\">\n\t\t\t\t\t\t\tIdealer f\u00fcr Camper in k\u00e4lteren oder hei\u00dferen Klimazonen, da sich der Stoff an das Wetter anpasst. Dar\u00fcber hinaus ist der Stoff haltbarer und daher besser f\u00fcr Langzeitcamper geeignet.\t\t\t\t\t\t<\/div>\n\t\t\t\t<\/div>\n\t\t\t\t<div class=\"elementor-element elementor-element-ff57b92 elementor-widget__width-initial elementor-icon-list--layout-traditional elementor-list-item-link-full_width elementor-widget elementor-widget-icon-list\" data-id=\"ff57b92\" data-element_type=\"widget\" data-widget_type=\"icon-list.default\">\n\t\t\t\t<div class=\"elementor-widget-container\">\n\t\t\t\t\t<ul class=\"elementor-icon-list-items\">\n\t\t\t\t\t\t\t<li class=\"elementor-icon-list-item\">\n\t\t\t\t\t\t\t\t\t\t\t<span class=\"elementor-icon-list-icon\">\n\t\t\t\t\t\t\t<i aria-hidden=\"true\" class=\"far fa-dot-circle\"><\/i>\t\t\t\t\t\t<\/span>\n\t\t\t\t\t\t\t\t\t\t<span class=\"elementor-icon-list-text\">Perfekt f\u00fcr hei\u00dfere Klimazonen, da der Stoff atmungsaktiv ist.<\/span>\n\t\t\t\t\t\t\t\t\t<\/li>\n\t\t\t\t\t\t\t\t<li class=\"elementor-icon-list-item\">\n\t\t\t\t\t\t\t\t\t\t\t<span class=\"elementor-icon-list-icon\">\n\t\t\t\t\t\t\t<i aria-hidden=\"true\" class=\"far fa-dot-circle\"><\/i>\t\t\t\t\t\t<\/span>\n\t\t\t\t\t\t\t\t\t\t<span class=\"elementor-icon-list-text\">Nat\u00fcrlich wasserdichter Stoff, der sich den Wetterbedingungen anpasst.<\/span>\n\t\t\t\t\t\t\t\t\t<\/li>\n\t\t\t\t\t\t<\/ul>\n\t\t\t\t<\/div>\n\t\t\t\t<\/div>\n\t\t\t\t\t<\/div>\n\t\t<\/div>\n\t\t\t\t\t\t\t<\/div>\n\t\t<\/section>\n\t\t\t\t\t\t\t<\/div>","protected":false},"excerpt":{"rendered":"<p>Ohne die n\u00f6tigen Kenntnisse ist der Kauf eines Drive-away-Wohnmobils oder eines Wohnmobil-Vorzeltes eine schwierige Aufgabe. Ziel dieses Artikels ist es, Sie mit dem n\u00f6tigen Wissen auszustatten, das Sie m\u00f6glicherweise ben\u00f6tigen, um eine fundierte Entscheidung zu treffen. Eine wegfahrbare Markise ist eine kostspielige Investition, bietet aber mehr Wohnraum, Flexibilit\u00e4t und Stauraum<\/p>\n<div class=\"read-more\"><a class=\"btn btn-fill-out\" href=\"https:\/\/uoogear.com\/de\/knowledge-base\/drive-away-awnings-buying-guide\/\">Mehr lesen<\/a><\/div>","protected":false},"author":1,"featured_media":4830,"comment_status":"closed","ping_status":"open","sticky":false,"template":"","format":"standard","meta":{"footnotes":""},"categories":[134,133],"tags":[],"class_list":["post-2320","post","type-post","status-publish","format-standard","has-post-thumbnail","hentry","category-buying-guides","category-knowledge-base"],"_links":{"self":[{"href":"https:\/\/uoogear.com\/de\/wp-json\/wp\/v2\/posts\/2320","targetHints":{"allow":["GET"]}}],"collection":[{"href":"https:\/\/uoogear.com\/de\/wp-json\/wp\/v2\/posts"}],"about":[{"href":"https:\/\/uoogear.com\/de\/wp-json\/wp\/v2\/types\/post"}],"author":[{"embeddable":true,"href":"https:\/\/uoogear.com\/de\/wp-json\/wp\/v2\/users\/1"}],"replies":[{"embeddable":true,"href":"https:\/\/uoogear.com\/de\/wp-json\/wp\/v2\/comments?post=2320"}],"version-history":[{"count":48,"href":"https:\/\/uoogear.com\/de\/wp-json\/wp\/v2\/posts\/2320\/revisions"}],"predecessor-version":[{"id":2379,"href":"https:\/\/uoogear.com\/de\/wp-json\/wp\/v2\/posts\/2320\/revisions\/2379"}],"wp:featuredmedia":[{"embeddable":true,"href":"https:\/\/uoogear.com\/de\/wp-json\/wp\/v2\/media\/4830"}],"wp:attachment":[{"href":"https:\/\/uoogear.com\/de\/wp-json\/wp\/v2\/media?parent=2320"}],"wp:term":[{"taxonomy":"category","embeddable":true,"href":"https:\/\/uoogear.com\/de\/wp-json\/wp\/v2\/categories?post=2320"},{"taxonomy":"post_tag","embeddable":true,"href":"https:\/\/uoogear.com\/de\/wp-json\/wp\/v2\/tags?post=2320"}],"curies":[{"name":"wp","href":"https:\/\/api.w.org\/{rel}","templated":true}]}}