{"id":2554,"date":"2022-11-22T08:59:31","date_gmt":"2022-11-22T08:59:31","guid":{"rendered":"https:\/\/uoogear.com\/?p=2554"},"modified":"2023-08-08T12:27:23","modified_gmt":"2023-08-08T12:27:23","slug":"caravan-awning-buying-guide","status":"publish","type":"post","link":"https:\/\/uoogear.com\/hu\/knowledge-base\/caravan-awning-buying-guide\/","title":{"rendered":"Lak\u00f3kocsi napellenz\u0151 v\u00e1s\u00e1rl\u00e1si \u00fatmutat\u00f3"},"content":{"rendered":"<div data-elementor-type=\"wp-post\" data-elementor-id=\"2554\" class=\"elementor elementor-2554\">\n\t\t\t\t\t\t\t\t\t<section class=\"elementor-section elementor-top-section elementor-element elementor-element-6b320ba elementor-section-boxed elementor-section-height-default elementor-section-height-default\" data-id=\"6b320ba\" data-element_type=\"section\">\n\t\t\t\t\t\t<div class=\"elementor-container elementor-column-gap-default\">\n\t\t\t\t\t<div class=\"elementor-column elementor-col-100 elementor-top-column elementor-element elementor-element-37b4e14\" data-id=\"37b4e14\" data-element_type=\"column\">\n\t\t\t<div class=\"elementor-widget-wrap elementor-element-populated\">\n\t\t\t\t\t\t\t\t<div class=\"elementor-element elementor-element-0a6f31c elementor-widget elementor-widget-heading\" data-id=\"0a6f31c\" data-element_type=\"widget\" data-widget_type=\"heading.default\">\n\t\t\t\t<div class=\"elementor-widget-container\">\n\t\t\t<style>\/*! elementor - v3.14.0 - 26-06-2023 *\/\n.elementor-heading-title{padding:0;margin:0;line-height:1}.elementor-widget-heading .elementor-heading-title[class*=elementor-size-]>a{color:inherit;font-size:inherit;line-height:inherit}.elementor-widget-heading .elementor-heading-title.elementor-size-small{font-size:15px}.elementor-widget-heading .elementor-heading-title.elementor-size-medium{font-size:19px}.elementor-widget-heading .elementor-heading-title.elementor-size-large{font-size:29px}.elementor-widget-heading .elementor-heading-title.elementor-size-xl{font-size:39px}.elementor-widget-heading .elementor-heading-title.elementor-size-xxl{font-size:59px}<\/style><h3 class=\"elementor-heading-title elementor-size-default\">Mi az a lak\u00f3kocsi napellenz\u0151?<\/h3>\t\t<\/div>\n\t\t\t\t<\/div>\n\t\t\t\t<div class=\"elementor-element elementor-element-af8c34f elementor-widget elementor-widget-text-editor\" data-id=\"af8c34f\" data-element_type=\"widget\" data-widget_type=\"text-editor.default\">\n\t\t\t\t<div class=\"elementor-widget-container\">\n\t\t\t<style>\/*! elementor - v3.14.0 - 26-06-2023 *\/\n.elementor-widget-text-editor.elementor-drop-cap-view-stacked .elementor-drop-cap{background-color:#69727d;color:#fff}.elementor-widget-text-editor.elementor-drop-cap-view-framed .elementor-drop-cap{color:#69727d;border:3px solid;background-color:transparent}.elementor-widget-text-editor:not(.elementor-drop-cap-view-default) .elementor-drop-cap{margin-top:8px}.elementor-widget-text-editor:not(.elementor-drop-cap-view-default) .elementor-drop-cap-letter{width:1em;height:1em}.elementor-widget-text-editor .elementor-drop-cap{float:left;text-align:center;line-height:1;font-size:50px}.elementor-widget-text-editor .elementor-drop-cap-letter{display:inline-block}<\/style>\t\t\t\tH\u00fclye k\u00e9rd\u00e9snek hangzik, de gyakori \u2013 a napellenz\u0151t sz\u00e1nd\u00e9kosan \u00fagy tervezt\u00e9k, hogy a lak\u00f3kocsi oldal\u00e1ra illeszkedjen, \u00e9s \u00fagy k\u00f6lcs\u00f6nhat\u00e1sba l\u00e9p a lak\u00f3kocsival, mint egy t\u00e9likert vagy egy h\u00e1z b\u0151v\u00edt\u00e9se, \u00edgy tov\u00e1bbi, sokoldal\u00fa teret biztos\u00edt.\n\n\t\t\t\t\t\t<\/div>\n\t\t\t\t<\/div>\n\t\t\t\t<div class=\"elementor-element elementor-element-6d4359e elementor-widget elementor-widget-text-editor\" data-id=\"6d4359e\" data-element_type=\"widget\" data-widget_type=\"text-editor.default\">\n\t\t\t\t<div class=\"elementor-widget-container\">\n\t\t\t\t\t\t\tA lak\u00f3kocsi napellenz\u0151i a lak\u00f3kocsi k\u00f6telez\u0151 tartoz\u00e9k\u00e1v\u00e1 v\u00e1ltak, rugalmass\u00e1got biztos\u00edtva. A napellenz\u0151 v\u00e1s\u00e1rl\u00e1sa azonban aknamez\u0151 lehet, ez\u00e9rt megpr\u00f3b\u00e1ltuk leegyszer\u0171s\u00edteni.\t\t\t\t\t\t<\/div>\n\t\t\t\t<\/div>\n\t\t\t\t<div class=\"elementor-element elementor-element-7d0b82f elementor-icon-list--layout-traditional elementor-list-item-link-full_width elementor-widget elementor-widget-icon-list\" data-id=\"7d0b82f\" data-element_type=\"widget\" data-widget_type=\"icon-list.default\">\n\t\t\t\t<div class=\"elementor-widget-container\">\n\t\t\t<link rel=\"stylesheet\" href=\"https:\/\/uoogear.com\/wp-content\/plugins\/elementor\/assets\/css\/widget-icon-list.min.css\">\t\t<ul class=\"elementor-icon-list-items\">\n\t\t\t\t\t\t\t<li class=\"elementor-icon-list-item\">\n\t\t\t\t\t\t\t\t\t\t\t<span class=\"elementor-icon-list-icon\">\n\t\t\t\t\t\t\t<i aria-hidden=\"true\" class=\"far fa-dot-circle\"><\/i>\t\t\t\t\t\t<\/span>\n\t\t\t\t\t\t\t\t\t\t<span class=\"elementor-icon-list-text\">D\u00f6ntse el a k\u00f6lts\u00e9gvet\u00e9st<\/span>\n\t\t\t\t\t\t\t\t\t<\/li>\n\t\t\t\t\t\t\t\t<li class=\"elementor-icon-list-item\">\n\t\t\t\t\t\t\t\t\t\t\t<span class=\"elementor-icon-list-icon\">\n\t\t\t\t\t\t\t<i aria-hidden=\"true\" class=\"far fa-dot-circle\"><\/i>\t\t\t\t\t\t<\/span>\n\t\t\t\t\t\t\t\t\t\t<span class=\"elementor-icon-list-text\">D\u00f6ntse el, hogy turista- vagy lakoss\u00e1gi napellenz\u0151re van sz\u00fcks\u00e9ge?<\/span>\n\t\t\t\t\t\t\t\t\t<\/li>\n\t\t\t\t\t\t\t\t<li class=\"elementor-icon-list-item\">\n\t\t\t\t\t\t\t\t\t\t\t<span class=\"elementor-icon-list-icon\">\n\t\t\t\t\t\t\t<i aria-hidden=\"true\" class=\"far fa-dot-circle\"><\/i>\t\t\t\t\t\t<\/span>\n\t\t\t\t\t\t\t\t\t\t<span class=\"elementor-icon-list-text\">V\u00e1lassza ki, milyen t\u00edpus\u00fa lak\u00f3kocsi napellenz\u0151re van sz\u00fcks\u00e9ge - IE torn\u00e1c vagy A-t\u00f3l B-ig.<\/span>\n\t\t\t\t\t\t\t\t\t<\/li>\n\t\t\t\t\t\t\t\t<li class=\"elementor-icon-list-item\">\n\t\t\t\t\t\t\t\t\t\t\t<span class=\"elementor-icon-list-icon\">\n\t\t\t\t\t\t\t<i aria-hidden=\"true\" class=\"far fa-dot-circle\"><\/i>\t\t\t\t\t\t<\/span>\n\t\t\t\t\t\t\t\t\t\t<span class=\"elementor-icon-list-text\">P\u00f3lusos vagy l\u00e9gnapellenz\u0151?<\/span>\n\t\t\t\t\t\t\t\t\t<\/li>\n\t\t\t\t\t\t<\/ul>\n\t\t\t\t<\/div>\n\t\t\t\t<\/div>\n\t\t\t\t<div class=\"elementor-element elementor-element-66eb4a5 elementor-widget elementor-widget-text-editor\" data-id=\"66eb4a5\" data-element_type=\"widget\" data-widget_type=\"text-editor.default\">\n\t\t\t\t<div class=\"elementor-widget-container\">\n\t\t\t\t\t\t\t<p>A napellenz\u0151 felszerel\u00e9se a lak\u00f3kocsi oldal\u00e1ra f\u00e1rads\u00e1gos feladat lehet, de \u00e9rdemes \u00e9lm\u00e9ny, mivel n\u00f6veli a lak\u00f3kocsi kieg\u00e9sz\u00edt\u0151 \u00e9letter\u00e9t.<\/p>\t\t\t\t\t\t<\/div>\n\t\t\t\t<\/div>\n\t\t\t\t<div class=\"elementor-element elementor-element-8246466 elementor-widget elementor-widget-text-editor\" data-id=\"8246466\" data-element_type=\"widget\" data-widget_type=\"text-editor.default\">\n\t\t\t\t<div class=\"elementor-widget-container\">\n\t\t\t\t\t\t\tEl\u0151sz\u00f6r is, annak eld\u00f6nt\u00e9sekor, hogy milyen st\u00edlus\u00fa napellenz\u0151t v\u00e1s\u00e1roljon, k\u00e9t \u00e1ltal\u00e1nos st\u00edlus l\u00e9tezik \u2013 a t\u00fara vagy a lakoss\u00e1gi napellenz\u0151.\t\t\t\t\t\t<\/div>\n\t\t\t\t<\/div>\n\t\t\t\t\t<\/div>\n\t\t<\/div>\n\t\t\t\t\t\t\t<\/div>\n\t\t<\/section>\n\t\t\t\t<section class=\"elementor-section elementor-top-section elementor-element elementor-element-c83597b elementor-section-boxed elementor-section-height-default elementor-section-height-default\" data-id=\"c83597b\" data-element_type=\"section\">\n\t\t\t\t\t\t<div class=\"elementor-container elementor-column-gap-default\">\n\t\t\t\t\t<div class=\"elementor-column elementor-col-100 elementor-top-column elementor-element elementor-element-b564421\" data-id=\"b564421\" data-element_type=\"column\">\n\t\t\t<div class=\"elementor-widget-wrap elementor-element-populated\">\n\t\t\t\t\t\t\t\t<div class=\"elementor-element elementor-element-ee359b2 elementor-widget elementor-widget-heading\" data-id=\"ee359b2\" data-element_type=\"widget\" data-widget_type=\"heading.default\">\n\t\t\t\t<div class=\"elementor-widget-container\">\n\t\t\t<h3 class=\"elementor-heading-title elementor-size-default\">Touring vs Residential<\/h3>\t\t<\/div>\n\t\t\t\t<\/div>\n\t\t\t\t<div class=\"elementor-element elementor-element-d75fe31 elementor-widget elementor-widget-text-editor\" data-id=\"d75fe31\" data-element_type=\"widget\" data-widget_type=\"text-editor.default\">\n\t\t\t\t<div class=\"elementor-widget-container\">\n\t\t\t\t\t\t\tA lak\u00f3kocsi napellenz\u0151knek k\u00e9t f\u0151 st\u00edlusa l\u00e9tezik, a Touring napellenz\u0151 vagy a lakoss\u00e1gi napellenz\u0151. Fontos, hogy a megfelel\u0151 napellenz\u0151t a megfelel\u0151 c\u00e9lra v\u00e1s\u00e1roljuk meg.\t\t\t\t\t\t<\/div>\n\t\t\t\t<\/div>\n\t\t\t\t<div class=\"elementor-element elementor-element-13ebbf6 elementor-widget elementor-widget-heading\" data-id=\"13ebbf6\" data-element_type=\"widget\" data-widget_type=\"heading.default\">\n\t\t\t\t<div class=\"elementor-widget-container\">\n\t\t\t<h4 class=\"elementor-heading-title elementor-size-default\">Touring napellenz\u0151k:<\/h4>\t\t<\/div>\n\t\t\t\t<\/div>\n\t\t\t\t<div class=\"elementor-element elementor-element-51cc13f elementor-widget elementor-widget-text-editor\" data-id=\"51cc13f\" data-element_type=\"widget\" data-widget_type=\"text-editor.default\">\n\t\t\t\t<div class=\"elementor-widget-container\">\n\t\t\t\t\t\t\tA Touring napellenz\u0151 t\u00f6k\u00e9letes a r\u00f6vid t\u00e1v\u00fa felsz\u00e1ll\u00e1shoz, \u00e9s amint a neve is sugallja, t\u00f6k\u00e9letes t\u00far\u00e1z\u00e1shoz, ahol egyik helyr\u0151l a m\u00e1sikra k\u00f6lt\u00f6zik. P\u00e9ld\u00e1ul 1-2 h\u00e9t szabads\u00e1got egyszerre. Ez\u00e9rt az ilyen t\u00edpus\u00fa napellenz\u0151k k\u00f6nnyebb sz\u00f6veteket \u00e9s alkatr\u00e9szeket haszn\u00e1lnak, azzal a c\u00e9llal, hogy a napellenz\u0151t k\u00f6nny\u0171v\u00e9 \u00e9s hordozhat\u00f3v\u00e1 tegy\u00e9k. \u00c1ltal\u00e1ban poli\u00e9szter, tencate vagy taslan anyagokb\u00f3l k\u00e9sz\u00fcl.\t\t\t\t\t\t<\/div>\n\t\t\t\t<\/div>\n\t\t\t\t<div class=\"elementor-element elementor-element-e217a81 elementor-widget elementor-widget-text-editor\" data-id=\"e217a81\" data-element_type=\"widget\" data-widget_type=\"text-editor.default\">\n\t\t\t\t<div class=\"elementor-widget-container\">\n\t\t\t\t\t\t\t** Ezt a fajta napellenz\u0151t r\u00f6vid t\u00e1v\u00fa kempingez\u00e9shez kell haszn\u00e1lni, \u00e9s nem szabad hossz\u00fa t\u00e1vra lehajtani a lak\u00f3tereken. Ha a t\u00faraponyv\u00e1t hossz\u00fa t\u00e1von haszn\u00e1lnak, az \u00e9rv\u00e9nytelen\u00edti a garanci\u00e1t, mivel a sz\u00f6vet nem hosszabb t\u00e1v\u00fa tart\u00e1sra lett tervezve, \u00e9s UV-sug\u00e1rz\u00e1s k\u00e1rosodik.\t\t\t\t\t\t<\/div>\n\t\t\t\t<\/div>\n\t\t\t\t<div class=\"elementor-element elementor-element-73964d8 elementor-widget elementor-widget-heading\" data-id=\"73964d8\" data-element_type=\"widget\" data-widget_type=\"heading.default\">\n\t\t\t\t<div class=\"elementor-widget-container\">\n\t\t\t<h4 class=\"elementor-heading-title elementor-size-default\">Lakoss\u00e1gi napellenz\u0151k (m\u00e1s n\u00e9ven szezon\u00e1lis napellenz\u0151k)<\/h4>\t\t<\/div>\n\t\t\t\t<\/div>\n\t\t\t\t<div class=\"elementor-element elementor-element-2a63c88 elementor-widget elementor-widget-text-editor\" data-id=\"2a63c88\" data-element_type=\"widget\" data-widget_type=\"text-editor.default\">\n\t\t\t\t<div class=\"elementor-widget-container\">\n\t\t\t\t\t\t\tA lak\u00f3aut\u00f3k napellenz\u0151i azoknak a lak\u00f3kocsi-tulajdonosoknak alkalmasak, akiknek szezon\u00e1lis p\u00e1ly\u00e1juk van egy olyan kempingben, ahol a lak\u00f3kocsijuk hosszabb ideig elhelyezkedik. A lakoss\u00e1gi napellenz\u0151t \u00fagy tervezt\u00e9k, hogy hosszabb ideig lehessen d\u00f6nteni. Term\u00e9szet\u00fckben nehezebbek, robusztusabb sz\u00f6veteket \u00e9s anyagokat haszn\u00e1lnak a napellenz\u0151 gy\u00e1rt\u00e1s\u00e1hoz. Ennek eredm\u00e9nyek\u00e9nt a napellenz\u0151 nem szenved olyan m\u00e9rt\u00e9kben az UV-sug\u00e1rz\u00e1st\u00f3l, mint a t\u00faraponyv\u00e1k, \u00e9s ki\u00e1lln\u00e1 az id\u0151 pr\u00f3b\u00e1j\u00e1t, v\u00e1ltoz\u00f3 id\u0151j\u00e1r\u00e1si k\u00f6r\u00fclm\u00e9nyek k\u00f6z\u00f6tt. Csak akkor kell \u0151ket elt\u00e1vol\u00edtani a j\u00e1rm\u0171b\u0151l, ha s\u00falyos id\u0151j\u00e1r\u00e1si figyelmeztet\u00e9s van, ami vesz\u00e9lyt jelent az ideiglenes \u00e9p\u00edtm\u00e9nyekre, p\u00e9ld\u00e1ul a viharos sz\u00e9lre.\t\t\t\t\t\t<\/div>\n\t\t\t\t<\/div>\n\t\t\t\t\t<\/div>\n\t\t<\/div>\n\t\t\t\t\t\t\t<\/div>\n\t\t<\/section>\n\t\t\t\t<section class=\"elementor-section elementor-top-section elementor-element elementor-element-39cb14a elementor-section-boxed elementor-section-height-default elementor-section-height-default\" data-id=\"39cb14a\" data-element_type=\"section\">\n\t\t\t\t\t\t<div class=\"elementor-container elementor-column-gap-default\">\n\t\t\t\t\t<div class=\"elementor-column elementor-col-100 elementor-top-column elementor-element elementor-element-203f3f3\" data-id=\"203f3f3\" data-element_type=\"column\">\n\t\t\t<div class=\"elementor-widget-wrap elementor-element-populated\">\n\t\t\t\t\t\t\t\t<div class=\"elementor-element elementor-element-ff2899c elementor-widget elementor-widget-heading\" data-id=\"ff2899c\" data-element_type=\"widget\" data-widget_type=\"heading.default\">\n\t\t\t\t<div class=\"elementor-widget-container\">\n\t\t\t<h3 class=\"elementor-heading-title elementor-size-default\">A lak\u00f3kocsi napellenz\u0151 t\u00edpusai<\/h3>\t\t<\/div>\n\t\t\t\t<\/div>\n\t\t\t\t<div class=\"elementor-element elementor-element-04e1e7b elementor-widget elementor-widget-text-editor\" data-id=\"04e1e7b\" data-element_type=\"widget\" data-widget_type=\"text-editor.default\">\n\t\t\t\t<div class=\"elementor-widget-container\">\n\t\t\t\t\t\t\tSz\u00e1mos k\u00fcl\u00f6nb\u00f6z\u0151 st\u00edlus\u00fa napellenz\u0151 l\u00e9tezik, \u00e9s fontos kiv\u00e1lasztani a megfelel\u0151 st\u00edlust a lak\u00f3kocsihoz \u00e9s a napellenz\u0151 \u00e1ltal\u00e1nos rendeltet\u00e9s\u00e9hez.\n\n\t\t\t\t\t\t<\/div>\n\t\t\t\t<\/div>\n\t\t\t\t<div class=\"elementor-element elementor-element-9817c8c elementor-widget elementor-widget-heading\" data-id=\"9817c8c\" data-element_type=\"widget\" data-widget_type=\"heading.default\">\n\t\t\t\t<div class=\"elementor-widget-container\">\n\t\t\t<h4 class=\"elementor-heading-title elementor-size-default\">Veranda napellenz\u0151k<\/h4>\t\t<\/div>\n\t\t\t\t<\/div>\n\t\t\t\t<div class=\"elementor-element elementor-element-fe0176c elementor-widget elementor-widget-text-editor\" data-id=\"fe0176c\" data-element_type=\"widget\" data-widget_type=\"text-editor.default\">\n\t\t\t\t<div class=\"elementor-widget-container\">\n\t\t\t\t\t\t\tA torn\u00e1cos napellenz\u0151k \u00e1ltal\u00e1ban kisebb napellenz\u0151k, \u00e9s \u00e1ltal\u00e1ban t\u00far\u00e1z\u00e1sra k\u00e9sz\u00fcltek, hogy egy kis v\u00e9delmet adnak az id\u0151j\u00e1r\u00e1s viszontags\u00e1gait\u00f3l \u00e9s a lak\u00f3teret.\n\n\t\t\t\t\t\t<\/div>\n\t\t\t\t<\/div>\n\t\t\t\t<div class=\"elementor-element elementor-element-1bc0f2f elementor-widget elementor-widget-text-editor\" data-id=\"1bc0f2f\" data-element_type=\"widget\" data-widget_type=\"text-editor.default\">\n\t\t\t\t<div class=\"elementor-widget-container\">\n\t\t\t\t\t\t\tEz a t\u00edpus\u00fa napellenz\u0151 illeszkedik a tet\u0151s\u00edn ter\u00fclet\u00e9n a C-csatorn\u00e1ban, \u00e9s bizonyos mennyis\u00e9g\u0171 egyenes csatorn\u00e1t ig\u00e9nyel a megfelel\u0151 felszerel\u00e9shez. Tegy\u00fck fel p\u00e9ld\u00e1ul, hogy ez egy 250 cm sz\u00e9les napellenz\u0151, 280 cm-es Kador-s\u00ednnel, \u00e9s p\u00e1rhuzamosan \u00fclne a lak\u00f3kocsi tet\u0151panel\u00e9vel, ahogy az al\u00e1bbi k\u00e9pen l\u00e1that\u00f3.\t\t\t\t\t\t<\/div>\n\t\t\t\t<\/div>\n\t\t\t\t<div class=\"elementor-element elementor-element-481f2d4 elementor-widget elementor-widget-text-editor\" data-id=\"481f2d4\" data-element_type=\"widget\" data-widget_type=\"text-editor.default\">\n\t\t\t\t<div class=\"elementor-widget-container\">\n\t\t\t\t\t\t\tJellemz\u0151en ez v\u00e1lt a n\u00e9pszer\u0171bb napellenz\u0151st\u00edlus\u00fav\u00e1, a vasalat sokoldal\u00fas\u00e1ga miatt \u2013 vagyis a gy\u00e1rt\u00f3knak nem kell t\u00f6bb k\u00fcl\u00f6nb\u00f6z\u0151 m\u00e9ret\u0171 napellenz\u0151t gy\u00e1rtaniuk.\t\t\t\t\t\t<\/div>\n\t\t\t\t<\/div>\n\t\t\t\t<div class=\"elementor-element elementor-element-7ee4f4e elementor-widget elementor-widget-text-editor\" data-id=\"7ee4f4e\" data-element_type=\"widget\" data-widget_type=\"text-editor.default\">\n\t\t\t\t<div class=\"elementor-widget-container\">\n\t\t\t\t\t\t\tAnnak biztos\u00edt\u00e1s\u00e1ra, hogy a napellenz\u0151 oldalai egy s\u00edkban legyenek a lak\u00f3kocsival, \u00e1ltal\u00e1ban ac\u00e9lrudak vannak, vagy valamilyen merev\u00edt\u0151 rendszer, amely hat\u00e9konyan r\u00f6gz\u00edti a napellenz\u0151t a lak\u00f3kocsihoz.\t\t\t\t\t\t<\/div>\n\t\t\t\t<\/div>\n\t\t\t\t<div class=\"elementor-element elementor-element-e535089 elementor-widget elementor-widget-image\" data-id=\"e535089\" data-element_type=\"widget\" data-widget_type=\"image.default\">\n\t\t\t\t<div class=\"elementor-widget-container\">\n\t\t\t<style>\/*! elementor - v3.14.0 - 26-06-2023 *\/\n.elementor-widget-image{text-align:center}.elementor-widget-image a{display:inline-block}.elementor-widget-image a img[src$=\".svg\"]{width:48px}.elementor-widget-image img{vertical-align:middle;display:inline-block}<\/style>\t\t\t\t\t\t\t\t\t\t\t\t<img loading=\"lazy\" decoding=\"async\" width=\"1000\" height=\"666\" src=\"https:\/\/uoogear.com\/wp-content\/uploads\/2023\/08\/bracer-system-caravan.jpg\" class=\"attachment-full size-full wp-image-2560\" alt=\"\" srcset=\"https:\/\/uoogear.com\/wp-content\/uploads\/2023\/08\/bracer-system-caravan.jpg 1000w, https:\/\/uoogear.com\/wp-content\/uploads\/2023\/08\/bracer-system-caravan-300x200.jpg 300w, https:\/\/uoogear.com\/wp-content\/uploads\/2023\/08\/bracer-system-caravan-768x511.jpg 768w, https:\/\/uoogear.com\/wp-content\/uploads\/2023\/08\/bracer-system-caravan-600x400.jpg 600w, https:\/\/uoogear.com\/wp-content\/uploads\/2023\/08\/bracer-system-caravan-81x54.jpg 81w\" sizes=\"auto, (max-width: 1000px) 100vw, 1000px\" \/>\t\t\t\t\t\t\t\t\t\t\t\t\t\t\t<\/div>\n\t\t\t\t<\/div>\n\t\t\t\t<div class=\"elementor-element elementor-element-bdb676b elementor-widget elementor-widget-heading\" data-id=\"bdb676b\" data-element_type=\"widget\" data-widget_type=\"heading.default\">\n\t\t\t\t<div class=\"elementor-widget-container\">\n\t\t\t<h4 class=\"elementor-heading-title elementor-size-default\">Teljes napellenz\u0151k (AB Style Fit)<\/h4>\t\t<\/div>\n\t\t\t\t<\/div>\n\t\t\t\t<div class=\"elementor-element elementor-element-58acf1f elementor-widget elementor-widget-text-editor\" data-id=\"58acf1f\" data-element_type=\"widget\" data-widget_type=\"text-editor.default\">\n\t\t\t\t<div class=\"elementor-widget-container\">\n\t\t\t\t\t\t\tAz A-t\u00f3l B-ig szerelhet\u0151 napellenz\u0151k a lak\u00f3kocsi bal als\u00f3 r\u00e9sz\u00e9t\u0151l eg\u00e9szen a jobb als\u00f3 r\u00e9szig illeszkednek, \u00e9s a Kador Rail seg\u00edts\u00e9g\u00e9vel teljesen lez\u00e1rj\u00e1k a napellenz\u0151t a lak\u00f3kocsihoz. \u00c1ltal\u00e1ban az ilyen t\u00edpus\u00fa napellenz\u0151ket sok m\u00e9retben gy\u00e1rtj\u00e1k, \u00e9s a megfelel\u0151 kiv\u00e1laszt\u00e1s\u00e1hoz ismernie kell a lak\u00f3kocsi A-t\u00f3l B-ig terjed\u0151 m\u00e9ret\u00e9t.\t\t\t\t\t\t<\/div>\n\t\t\t\t<\/div>\n\t\t\t\t\t<\/div>\n\t\t<\/div>\n\t\t\t\t\t\t\t<\/div>\n\t\t<\/section>\n\t\t\t\t<section class=\"elementor-section elementor-top-section elementor-element elementor-element-7a8ae72 elementor-section-boxed elementor-section-height-default elementor-section-height-default\" data-id=\"7a8ae72\" data-element_type=\"section\">\n\t\t\t\t\t\t<div class=\"elementor-container elementor-column-gap-default\">\n\t\t\t\t\t<div class=\"elementor-column elementor-col-100 elementor-top-column elementor-element elementor-element-6a9af0b\" data-id=\"6a9af0b\" data-element_type=\"column\">\n\t\t\t<div class=\"elementor-widget-wrap elementor-element-populated\">\n\t\t\t\t\t\t\t\t<div class=\"elementor-element elementor-element-d38d91c elementor-widget elementor-widget-heading\" data-id=\"d38d91c\" data-element_type=\"widget\" data-widget_type=\"heading.default\">\n\t\t\t\t<div class=\"elementor-widget-container\">\n\t\t\t<h3 class=\"elementor-heading-title elementor-size-default\">A szerkezet t\u00edpusai<\/h3>\t\t<\/div>\n\t\t\t\t<\/div>\n\t\t\t\t<div class=\"elementor-element elementor-element-98fef0e elementor-widget elementor-widget-heading\" data-id=\"98fef0e\" data-element_type=\"widget\" data-widget_type=\"heading.default\">\n\t\t\t\t<div class=\"elementor-widget-container\">\n\t\t\t<h4 class=\"elementor-heading-title elementor-size-default\">P\u00f3lusos napellenz\u0151k<\/h4>\t\t<\/div>\n\t\t\t\t<\/div>\n\t\t\t\t<div class=\"elementor-element elementor-element-278b812 elementor-widget elementor-widget-text-editor\" data-id=\"278b812\" data-element_type=\"widget\" data-widget_type=\"text-editor.default\">\n\t\t\t\t<div class=\"elementor-widget-container\">\n\t\t\t\t\t\t\t<p>Az oszlopos lak\u00f3kocsi napellenz\u0151k hanyatl\u00f3ban vannak, mivel a piac a leveg\u0151 alap\u00fa kialak\u00edt\u00e1s fel\u00e9 tol\u00f3dik el, a k\u00f6nnyebb felf\u00faj\u00e1s \u00e9s \u00e1ltal\u00e1ban kevesebb probl\u00e9ma \u00e9rdek\u00e9ben. A keretes oszlopos napellenz\u0151knek m\u00e9g van piaca, de ez egyre sz\u0171k\u00fcl. Az oszlopos napellenz\u0151 el\u0151nye, hogy lev\u00e1lasztja a rudakat a v\u00e1szonr\u00f3l, \u00edgy a hordozhat\u00f3s\u00e1g \u00e9s a s\u00faly k\u00f6nnyebben kezelhet\u0151. Az egyetlen p\u00f3lus\u00fa napellenz\u0151 m\u00e1r hagyom\u00e1nyosabb gy\u00e1rt\u00f3kt\u00f3l sz\u00e1rmazik, mint p\u00e9ld\u00e1ul a Bradcot.<\/p>\t\t\t\t\t\t<\/div>\n\t\t\t\t<\/div>\n\t\t\t\t<div class=\"elementor-element elementor-element-0a78f64 elementor-widget elementor-widget-heading\" data-id=\"0a78f64\" data-element_type=\"widget\" data-widget_type=\"heading.default\">\n\t\t\t\t<div class=\"elementor-widget-container\">\n\t\t\t<h4 class=\"elementor-heading-title elementor-size-default\">Leveg\u0151s napellenz\u0151k<\/h4>\t\t<\/div>\n\t\t\t\t<\/div>\n\t\t\t\t<div class=\"elementor-element elementor-element-56c1900 elementor-widget elementor-widget-text-editor\" data-id=\"56c1900\" data-element_type=\"widget\" data-widget_type=\"text-editor.default\">\n\t\t\t\t<div class=\"elementor-widget-container\">\n\t\t\t\t\t\t\tA leveg\u0151s napellenz\u0151k val\u00f3ban megh\u00f3d\u00edtott\u00e1k a piacot, forradalmas\u00edtva a napellenz\u0151k fel\u00e9p\u00edt\u00e9s\u00e9t, tervez\u00e9s\u00e9t \u00e9s k\u00f6nny\u0171 felhelyez\u00e9s\u00e9t. A napellenz\u0151k kell\u0151en tr\u00fckk\u00f6sek an\u00e9lk\u00fcl, hogy az oszlopos kerettel j\u00e1r\u00f3 neh\u00e9zs\u00e9geket hozz\u00e1adn\u00e1k. A leveg\u0151 leegyszer\u0171s\u00edti az \u00e9letet, \u00e9s ez most 95%-t tesz ki a lak\u00f3kocsi-ponyv\u00e1k elad\u00e1s\u00e1b\u00f3l. Val\u00f3j\u00e1ban a legt\u00f6bb besz\u00e1ll\u00edt\u00f3 nem rendelkezik oszlopos lak\u00f3kocsi napellenz\u0151vel, hanem az Air kialak\u00edt\u00e1sra hagyatkozik.\t\t\t\t\t\t<\/div>\n\t\t\t\t<\/div>\n\t\t\t\t<div class=\"elementor-element elementor-element-a26774b elementor-widget elementor-widget-heading\" data-id=\"a26774b\" data-element_type=\"widget\" data-widget_type=\"heading.default\">\n\t\t\t\t<div class=\"elementor-widget-container\">\n\t\t\t<h4 class=\"elementor-heading-title elementor-size-default\">Egypontos leveg\u0151\n<\/h4>\t\t<\/div>\n\t\t\t\t<\/div>\n\t\t\t\t<div class=\"elementor-element elementor-element-621f3c3 elementor-widget elementor-widget-text-editor\" data-id=\"621f3c3\" data-element_type=\"widget\" data-widget_type=\"text-editor.default\">\n\t\t\t\t<div class=\"elementor-widget-container\">\n\t\t\t\t\t\t\t<p>Lehet\u0151v\u00e9 teszi a lak\u00f3kocsi napellenz\u0151j\u00e9nek egy szelepr\u0151l t\u00f6rt\u00e9n\u0151 felf\u00faj\u00e1s\u00e1t, ami n\u00f6veli a d\u0151l\u00e9s sebess\u00e9g\u00e9t \u00e9s megk\u00f6nny\u00edti a d\u0151l\u00e9ssz\u00f6get. Ez a lak\u00f3kocsi napellenz\u0151k legn\u00e9pszer\u0171bb st\u00edlusa lett, \u00e9s az Single Point Inflation a legkeresettebb napellenz\u0151 kialak\u00edt\u00e1s.<\/p>\t\t\t\t\t\t<\/div>\n\t\t\t\t<\/div>\n\t\t\t\t<div class=\"elementor-element elementor-element-f316980 elementor-widget elementor-widget-image\" data-id=\"f316980\" data-element_type=\"widget\" data-widget_type=\"image.default\">\n\t\t\t\t<div class=\"elementor-widget-container\">\n\t\t\t\t\t\t\t\t\t\t\t\t\t\t\t<img loading=\"lazy\" decoding=\"async\" width=\"1000\" height=\"666\" src=\"https:\/\/uoogear.com\/wp-content\/uploads\/2023\/08\/air-structure.jpg\" class=\"attachment-full size-full wp-image-2564\" alt=\"\" srcset=\"https:\/\/uoogear.com\/wp-content\/uploads\/2023\/08\/air-structure.jpg 1000w, https:\/\/uoogear.com\/wp-content\/uploads\/2023\/08\/air-structure-300x200.jpg 300w, https:\/\/uoogear.com\/wp-content\/uploads\/2023\/08\/air-structure-768x511.jpg 768w, https:\/\/uoogear.com\/wp-content\/uploads\/2023\/08\/air-structure-600x400.jpg 600w, https:\/\/uoogear.com\/wp-content\/uploads\/2023\/08\/air-structure-81x54.jpg 81w\" sizes=\"auto, (max-width: 1000px) 100vw, 1000px\" \/>\t\t\t\t\t\t\t\t\t\t\t\t\t\t\t<\/div>\n\t\t\t\t<\/div>\n\t\t\t\t\t<\/div>\n\t\t<\/div>\n\t\t\t\t\t\t\t<\/div>\n\t\t<\/section>\n\t\t\t\t<section class=\"elementor-section elementor-top-section elementor-element elementor-element-29539d3 elementor-section-boxed elementor-section-height-default elementor-section-height-default\" data-id=\"29539d3\" data-element_type=\"section\">\n\t\t\t\t\t\t<div class=\"elementor-container elementor-column-gap-default\">\n\t\t\t\t\t<div class=\"elementor-column elementor-col-100 elementor-top-column elementor-element elementor-element-87dc416\" data-id=\"87dc416\" data-element_type=\"column\">\n\t\t\t<div class=\"elementor-widget-wrap elementor-element-populated\">\n\t\t\t\t\t\t\t\t<div class=\"elementor-element elementor-element-93928d0 elementor-widget elementor-widget-heading\" data-id=\"93928d0\" data-element_type=\"widget\" data-widget_type=\"heading.default\">\n\t\t\t\t<div class=\"elementor-widget-container\">\n\t\t\t<h3 class=\"elementor-heading-title elementor-size-default\">Sz\u00f6vetek t\u00edpusai<\/h3>\t\t<\/div>\n\t\t\t\t<\/div>\n\t\t\t\t<div class=\"elementor-element elementor-element-5a3a406 elementor-widget elementor-widget-heading\" data-id=\"5a3a406\" data-element_type=\"widget\" data-widget_type=\"heading.default\">\n\t\t\t\t<div class=\"elementor-widget-container\">\n\t\t\t<h4 class=\"elementor-heading-title elementor-size-default\">Mi\u00e9rt fontos a sz\u00f6vet?<\/h4>\t\t<\/div>\n\t\t\t\t<\/div>\n\t\t\t\t<div class=\"elementor-element elementor-element-fc684d5 elementor-widget elementor-widget-text-editor\" data-id=\"fc684d5\" data-element_type=\"widget\" data-widget_type=\"text-editor.default\">\n\t\t\t\t<div class=\"elementor-widget-container\">\n\t\t\t\t\t\t\tA napellenz\u0151 anyaga a napellenz\u0151 \u00e1tlagos er\u0151ss\u00e9ge, mivel a napellenz\u0151 csak annyira j\u00f3, mint a gy\u00e1rt\u00e1s\u00e1hoz haszn\u00e1lt sz\u00f6vet. A poli\u00e9sztert \u00e1ltal\u00e1ban k\u00f6nnyebb napellenz\u0151kben haszn\u00e1lj\u00e1k, a Tencate vagy a Taslan pedig a nagyobb teherb\u00edr\u00e1s\u00fa napellenz\u0151ket alkotja, amelyeket zordabb id\u0151j\u00e1r\u00e1si k\u00f6r\u00fclm\u00e9nyekre terveztek.\t\t\t\t\t\t<\/div>\n\t\t\t\t<\/div>\n\t\t\t\t<div class=\"elementor-element elementor-element-dbc9189 elementor-widget elementor-widget-heading\" data-id=\"dbc9189\" data-element_type=\"widget\" data-widget_type=\"heading.default\">\n\t\t\t\t<div class=\"elementor-widget-container\">\n\t\t\t<h4 class=\"elementor-heading-title elementor-size-default\">Poli\u00e9szter<\/h4>\t\t<\/div>\n\t\t\t\t<\/div>\n\t\t\t\t<div class=\"elementor-element elementor-element-3c28a5f elementor-widget elementor-widget-text-editor\" data-id=\"3c28a5f\" data-element_type=\"widget\" data-widget_type=\"text-editor.default\">\n\t\t\t\t<div class=\"elementor-widget-container\">\n\t\t\t\t\t\t\ta napellenz\u0151k ide\u00e1lisabbak t\u00fara, k\u00f6nny\u0171 napellenz\u0151kh\u00f6z. Ez a rendelkez\u00e9sre \u00e1ll\u00f3 leggyeng\u00e9bb anyag, de r\u00f6vid t\u00e1v\u00fa kempinges nyaral\u00e1sokhoz k\u00e9sz\u00fclt, aminek el\u0151nyei a csomagm\u00e9retek s\u00faly\u00e1nak \u00e9s t\u00e1rol\u00f3hely\u00e9nek cs\u00f6kken\u00e9se. A poli\u00e9szternek term\u00e9szetesen k\u00fcl\u00f6nb\u00f6z\u0151 er\u0151ss\u00e9ge \u00e9s vastags\u00e1ga van, de a poli\u00e9szter gyorsabban lebomlik, mint m\u00e1s sz\u00f6vetek, mivel \u00e9rz\u00e9kenyebb az UV-sug\u00e1rz\u00e1sra.\t\t\t\t\t\t<\/div>\n\t\t\t\t<\/div>\n\t\t\t\t<div class=\"elementor-element elementor-element-1fd01ae elementor-widget elementor-widget-heading\" data-id=\"1fd01ae\" data-element_type=\"widget\" data-widget_type=\"heading.default\">\n\t\t\t\t<div class=\"elementor-widget-container\">\n\t\t\t<h4 class=\"elementor-heading-title elementor-size-default\">Profiak<\/h4>\t\t<\/div>\n\t\t\t\t<\/div>\n\t\t\t\t<div class=\"elementor-element elementor-element-f897b45 elementor-icon-list--layout-traditional elementor-list-item-link-full_width elementor-widget elementor-widget-icon-list\" data-id=\"f897b45\" data-element_type=\"widget\" data-widget_type=\"icon-list.default\">\n\t\t\t\t<div class=\"elementor-widget-container\">\n\t\t\t\t\t<ul class=\"elementor-icon-list-items\">\n\t\t\t\t\t\t\t<li class=\"elementor-icon-list-item\">\n\t\t\t\t\t\t\t\t\t\t\t<span class=\"elementor-icon-list-icon\">\n\t\t\t\t\t\t\t<i aria-hidden=\"true\" class=\"far fa-dot-circle\"><\/i>\t\t\t\t\t\t<\/span>\n\t\t\t\t\t\t\t\t\t\t<span class=\"elementor-icon-list-text\">K\u00f6nny\u0171 sz\u00f6vet<\/span>\n\t\t\t\t\t\t\t\t\t<\/li>\n\t\t\t\t\t\t\t\t<li class=\"elementor-icon-list-item\">\n\t\t\t\t\t\t\t\t\t\t\t<span class=\"elementor-icon-list-icon\">\n\t\t\t\t\t\t\t<i aria-hidden=\"true\" class=\"far fa-dot-circle\"><\/i>\t\t\t\t\t\t<\/span>\n\t\t\t\t\t\t\t\t\t\t<span class=\"elementor-icon-list-text\">Gyors sz\u00e1rad\u00e1s<\/span>\n\t\t\t\t\t\t\t\t\t<\/li>\n\t\t\t\t\t\t\t\t<li class=\"elementor-icon-list-item\">\n\t\t\t\t\t\t\t\t\t\t\t<span class=\"elementor-icon-list-icon\">\n\t\t\t\t\t\t\t<i aria-hidden=\"true\" class=\"far fa-dot-circle\"><\/i>\t\t\t\t\t\t<\/span>\n\t\t\t\t\t\t\t\t\t\t<span class=\"elementor-icon-list-text\">Ide\u00e1lis t\u00faraponyv\u00e1khoz<\/span>\n\t\t\t\t\t\t\t\t\t<\/li>\n\t\t\t\t\t\t<\/ul>\n\t\t\t\t<\/div>\n\t\t\t\t<\/div>\n\t\t\t\t<div class=\"elementor-element elementor-element-f5a027c elementor-widget elementor-widget-heading\" data-id=\"f5a027c\" data-element_type=\"widget\" data-widget_type=\"heading.default\">\n\t\t\t\t<div class=\"elementor-widget-container\">\n\t\t\t<h4 class=\"elementor-heading-title elementor-size-default\">H\u00e1tr\u00e1nyok<\/h4>\t\t<\/div>\n\t\t\t\t<\/div>\n\t\t\t\t<div class=\"elementor-element elementor-element-73d104e elementor-icon-list--layout-traditional elementor-list-item-link-full_width elementor-widget elementor-widget-icon-list\" data-id=\"73d104e\" data-element_type=\"widget\" data-widget_type=\"icon-list.default\">\n\t\t\t\t<div class=\"elementor-widget-container\">\n\t\t\t\t\t<ul class=\"elementor-icon-list-items\">\n\t\t\t\t\t\t\t<li class=\"elementor-icon-list-item\">\n\t\t\t\t\t\t\t\t\t\t\t<span class=\"elementor-icon-list-icon\">\n\t\t\t\t\t\t\t<i aria-hidden=\"true\" class=\"far fa-dot-circle\"><\/i>\t\t\t\t\t\t<\/span>\n\t\t\t\t\t\t\t\t\t\t<span class=\"elementor-icon-list-text\">Kevesebb tart\u00f3ss\u00e1g a Tencate vagy Taslan sz\u00f6vetekhez k\u00e9pest.<\/span>\n\t\t\t\t\t\t\t\t\t<\/li>\n\t\t\t\t\t\t\t\t<li class=\"elementor-icon-list-item\">\n\t\t\t\t\t\t\t\t\t\t\t<span class=\"elementor-icon-list-icon\">\n\t\t\t\t\t\t\t<i aria-hidden=\"true\" class=\"far fa-dot-circle\"><\/i>\t\t\t\t\t\t<\/span>\n\t\t\t\t\t\t\t\t\t\t<span class=\"elementor-icon-list-text\">Lak\u00f3\u00e9p\u00fcletekhez nem ide\u00e1lis.<\/span>\n\t\t\t\t\t\t\t\t\t<\/li>\n\t\t\t\t\t\t\t\t<li class=\"elementor-icon-list-item\">\n\t\t\t\t\t\t\t\t\t\t\t<span class=\"elementor-icon-list-icon\">\n\t\t\t\t\t\t\t<i aria-hidden=\"true\" class=\"far fa-dot-circle\"><\/i>\t\t\t\t\t\t<\/span>\n\t\t\t\t\t\t\t\t\t\t<span class=\"elementor-icon-list-text\">Gyorsabban elhalv\u00e1nyul<\/span>\n\t\t\t\t\t\t\t\t\t<\/li>\n\t\t\t\t\t\t<\/ul>\n\t\t\t\t<\/div>\n\t\t\t\t<\/div>\n\t\t\t\t<div class=\"elementor-element elementor-element-33d7a87 elementor-widget elementor-widget-heading\" data-id=\"33d7a87\" data-element_type=\"widget\" data-widget_type=\"heading.default\">\n\t\t\t\t<div class=\"elementor-widget-container\">\n\t\t\t<h4 class=\"elementor-heading-title elementor-size-default\">Taslan<\/h4>\t\t<\/div>\n\t\t\t\t<\/div>\n\t\t\t\t<div class=\"elementor-element elementor-element-037b8d3 elementor-widget elementor-widget-text-editor\" data-id=\"037b8d3\" data-element_type=\"widget\" data-widget_type=\"text-editor.default\">\n\t\t\t\t<div class=\"elementor-widget-container\">\n\t\t\t\t\t\t\tA Taslan sz\u00f6vet 300% er\u0151sebb, mint a poli\u00e9szter, \u00edgy ide\u00e1lis az id\u0151j\u00e1r\u00e1s viszontags\u00e1gait\u00f3l val\u00f3 eg\u00e9sz \u00e9vszakos v\u00e9delemhez. A Taslan egy speci\u00e1lis l\u00e9gsz\u00f6v\u00e9s\u0171 fonal, de ennek eredm\u00e9nyek\u00e9nt nehezebb sz\u00f6vet, ami azt jelenti, hogy nagyobb csomagm\u00e9rettel \u00e9s nagyobb t\u00f6meggel rendelkezik.\t\t\t\t\t\t<\/div>\n\t\t\t\t<\/div>\n\t\t\t\t<div class=\"elementor-element elementor-element-209ff16 elementor-widget elementor-widget-heading\" data-id=\"209ff16\" data-element_type=\"widget\" data-widget_type=\"heading.default\">\n\t\t\t\t<div class=\"elementor-widget-container\">\n\t\t\t<h4 class=\"elementor-heading-title elementor-size-default\">Tencate<\/h4>\t\t<\/div>\n\t\t\t\t<\/div>\n\t\t\t\t<div class=\"elementor-element elementor-element-6b19e55 elementor-widget elementor-widget-text-editor\" data-id=\"6b19e55\" data-element_type=\"widget\" data-widget_type=\"text-editor.default\">\n\t\t\t\t<div class=\"elementor-widget-container\">\n\t\t\t\t\t\t\tA Tencate a poli\u00e9szterrel egy\u00fctt piacvezet\u0151 a lak\u00f3kocsi napellenz\u0151k ter\u00e9n, \u00e9s tart\u00f3sabb sz\u00f6vetet k\u00edn\u00e1l, amely tov\u00e1bb tart, mint a hagyom\u00e1nyos poli\u00e9szter. A Tencate sz\u00f6vetnek k\u00e9t szintje van:\t\t\t\t\t\t<\/div>\n\t\t\t\t<\/div>\n\t\t\t\t<div class=\"elementor-element elementor-element-de4b39e elementor-icon-list--layout-traditional elementor-list-item-link-full_width elementor-widget elementor-widget-icon-list\" data-id=\"de4b39e\" data-element_type=\"widget\" data-widget_type=\"icon-list.default\">\n\t\t\t\t<div class=\"elementor-widget-container\">\n\t\t\t\t\t<ul class=\"elementor-icon-list-items\">\n\t\t\t\t\t\t\t<li class=\"elementor-icon-list-item\">\n\t\t\t\t\t\t\t\t\t\t\t<span class=\"elementor-icon-list-icon\">\n\t\t\t\t\t\t\t<i aria-hidden=\"true\" class=\"far fa-dot-circle\"><\/i>\t\t\t\t\t\t<\/span>\n\t\t\t\t\t\t\t\t\t\t<span class=\"elementor-icon-list-text\">Tencate 100% poli\u00e9szter - ide\u00e1lis t\u00fara, eg\u00e9sz \u00e9vszakos napellenz\u0151kh\u00f6z.<\/span>\n\t\t\t\t\t\t\t\t\t<\/li>\n\t\t\t\t\t\t\t\t<li class=\"elementor-icon-list-item\">\n\t\t\t\t\t\t\t\t\t\t\t<span class=\"elementor-icon-list-icon\">\n\t\t\t\t\t\t\t<i aria-hidden=\"true\" class=\"far fa-dot-circle\"><\/i>\t\t\t\t\t\t<\/span>\n\t\t\t\t\t\t\t\t\t\t<span class=\"elementor-icon-list-text\">Tencate 100% poli\u00e9szter PVA - ide\u00e1lis lakoss\u00e1gi napellenz\u0151kh\u00f6z, mivel kem\u00e9nyebb sz\u00f6vetkever\u00e9k.<\/span>\n\t\t\t\t\t\t\t\t\t<\/li>\n\t\t\t\t\t\t<\/ul>\n\t\t\t\t<\/div>\n\t\t\t\t<\/div>\n\t\t\t\t\t<\/div>\n\t\t<\/div>\n\t\t\t\t\t\t\t<\/div>\n\t\t<\/section>\n\t\t\t\t<section class=\"elementor-section elementor-top-section elementor-element elementor-element-a1eea75 elementor-section-boxed elementor-section-height-default elementor-section-height-default\" data-id=\"a1eea75\" data-element_type=\"section\">\n\t\t\t\t\t\t<div class=\"elementor-container elementor-column-gap-default\">\n\t\t\t\t\t<div class=\"elementor-column elementor-col-100 elementor-top-column elementor-element elementor-element-05d06cc\" data-id=\"05d06cc\" data-element_type=\"column\">\n\t\t\t<div class=\"elementor-widget-wrap elementor-element-populated\">\n\t\t\t\t\t\t\t\t<div class=\"elementor-element elementor-element-0f430b0 elementor-widget elementor-widget-heading\" data-id=\"0f430b0\" data-element_type=\"widget\" data-widget_type=\"heading.default\">\n\t\t\t\t<div class=\"elementor-widget-container\">\n\t\t\t<h3 class=\"elementor-heading-title elementor-size-default\">N\u00e9pszer\u0171 funkci\u00f3k, amelyekre figyelni kell:<\/h3>\t\t<\/div>\n\t\t\t\t<\/div>\n\t\t\t\t<div class=\"elementor-element elementor-element-c61c709 elementor-widget elementor-widget-text-editor\" data-id=\"c61c709\" data-element_type=\"widget\" data-widget_type=\"text-editor.default\">\n\t\t\t\t<div class=\"elementor-widget-container\">\n\t\t\t\t\t\t\tA legt\u00f6bb lak\u00f3kocsi napellenz\u0151 ma m\u00e1r sz\u00e1mos k\u00fcl\u00f6nb\u00f6z\u0151 tulajdons\u00e1ggal rendelkezik, amelyek n\u00e9pszer\u0171v\u00e9 teszik \u0151ket, p\u00e9ld\u00e1ul:\t\t\t\t\t\t<\/div>\n\t\t\t\t<\/div>\n\t\t\t\t<div class=\"elementor-element elementor-element-895bee9 elementor-icon-list--layout-traditional elementor-list-item-link-full_width elementor-widget elementor-widget-icon-list\" data-id=\"895bee9\" data-element_type=\"widget\" data-widget_type=\"icon-list.default\">\n\t\t\t\t<div class=\"elementor-widget-container\">\n\t\t\t\t\t<ul class=\"elementor-icon-list-items\">\n\t\t\t\t\t\t\t<li class=\"elementor-icon-list-item\">\n\t\t\t\t\t\t\t\t\t\t\t<span class=\"elementor-icon-list-icon\">\n\t\t\t\t\t\t\t<i aria-hidden=\"true\" class=\"far fa-dot-circle\"><\/i>\t\t\t\t\t\t<\/span>\n\t\t\t\t\t\t\t\t\t\t<span class=\"elementor-icon-list-text\">Egypontos felf\u00faj\u00e1s vagy l\u00e9gterel\u0151 \u2013 a k\u00f6nnyebb felhelyez\u00e9s\/le\u00e1ll\u00edt\u00e1s \u00e9rdek\u00e9ben<\/span>\n\t\t\t\t\t\t\t\t\t<\/li>\n\t\t\t\t\t\t\t\t<li class=\"elementor-icon-list-item\">\n\t\t\t\t\t\t\t\t\t\t\t<span class=\"elementor-icon-list-icon\">\n\t\t\t\t\t\t\t<i aria-hidden=\"true\" class=\"far fa-dot-circle\"><\/i>\t\t\t\t\t\t<\/span>\n\t\t\t\t\t\t\t\t\t\t<span class=\"elementor-icon-list-text\">F\u00fcgg\u00f6ny\u00f6k az adatv\u00e9delem \u00e9rdek\u00e9ben \u2013 mivel a legt\u00f6bb ember hajlamos a napellenz\u0151t lak\u00f3t\u00e9rk\u00e9nt haszn\u00e1lni, ez\u00e9rt est\u00e9nk\u00e9nt f\u00fcgg\u00f6nyre van sz\u00fcks\u00e9g.<\/span>\n\t\t\t\t\t\t\t\t\t<\/li>\n\t\t\t\t\t\t\t\t<li class=\"elementor-icon-list-item\">\n\t\t\t\t\t\t\t\t\t\t\t<span class=\"elementor-icon-list-icon\">\n\t\t\t\t\t\t\t<i aria-hidden=\"true\" class=\"far fa-dot-circle\"><\/i>\t\t\t\t\t\t<\/span>\n\t\t\t\t\t\t\t\t\t\t<span class=\"elementor-icon-list-text\">H\u00e1l\u00f3s panelek \u2013 vagy h\u00e1l\u00f3s ajt\u00f3k hozz\u00e1ad\u00e1s\u00e1nak lehet\u0151s\u00e9ge a hibamentes szell\u0151z\u00e9s \u00e9rdek\u00e9ben.<\/span>\n\t\t\t\t\t\t\t\t\t<\/li>\n\t\t\t\t\t\t\t\t<li class=\"elementor-icon-list-item\">\n\t\t\t\t\t\t\t\t\t\t\t<span class=\"elementor-icon-list-icon\">\n\t\t\t\t\t\t\t<i aria-hidden=\"true\" class=\"far fa-dot-circle\"><\/i>\t\t\t\t\t\t<\/span>\n\t\t\t\t\t\t\t\t\t\t<span class=\"elementor-icon-list-text\">Sokoldal\u00fas\u00e1g az opcion\u00e1lis extr\u00e1khoz \u2013 mindig j\u00f3 ellen\u0151rizni, felszerelhet-e tov\u00e1bbi mell\u00e9kleteket vagy h\u00e1l\u00f3f\u00fclk\u00e9ket. A magasabb specifik\u00e1ci\u00f3j\u00fa napellenz\u0151k \u00e1ltal\u00e1ban t\u00f6bb hozz\u00e1ill\u0151 tartoz\u00e9kkal rendelkeznek a k\u00e9nyelmesebb \u00e9lm\u00e9ny \u00e9rdek\u00e9ben.<\/span>\n\t\t\t\t\t\t\t\t\t<\/li>\n\t\t\t\t\t\t<\/ul>\n\t\t\t\t<\/div>\n\t\t\t\t<\/div>\n\t\t\t\t\t<\/div>\n\t\t<\/div>\n\t\t\t\t\t\t\t<\/div>\n\t\t<\/section>\n\t\t\t\t<section class=\"elementor-section elementor-top-section elementor-element elementor-element-b29cd27 elementor-section-boxed elementor-section-height-default elementor-section-height-default\" data-id=\"b29cd27\" data-element_type=\"section\">\n\t\t\t\t\t\t<div class=\"elementor-container elementor-column-gap-default\">\n\t\t\t\t\t<div class=\"elementor-column elementor-col-100 elementor-top-column elementor-element elementor-element-5181c1a\" data-id=\"5181c1a\" data-element_type=\"column\">\n\t\t\t<div class=\"elementor-widget-wrap elementor-element-populated\">\n\t\t\t\t\t\t\t\t<div class=\"elementor-element elementor-element-69309d1 elementor-widget elementor-widget-heading\" data-id=\"69309d1\" data-element_type=\"widget\" data-widget_type=\"heading.default\">\n\t\t\t\t<div class=\"elementor-widget-container\">\n\t\t\t<h3 class=\"elementor-heading-title elementor-size-default\">Megfontoland\u00f3 tippek<\/h3>\t\t<\/div>\n\t\t\t\t<\/div>\n\t\t\t\t<div class=\"elementor-element elementor-element-a00f0a6 elementor-icon-list--layout-traditional elementor-list-item-link-full_width elementor-widget elementor-widget-icon-list\" data-id=\"a00f0a6\" data-element_type=\"widget\" data-widget_type=\"icon-list.default\">\n\t\t\t\t<div class=\"elementor-widget-container\">\n\t\t\t\t\t<ul class=\"elementor-icon-list-items\">\n\t\t\t\t\t\t\t<li class=\"elementor-icon-list-item\">\n\t\t\t\t\t\t\t\t\t\t\t<span class=\"elementor-icon-list-icon\">\n\t\t\t\t\t\t\t<i aria-hidden=\"true\" class=\"far fa-dot-circle\"><\/i>\t\t\t\t\t\t<\/span>\n\t\t\t\t\t\t\t\t\t\t<span class=\"elementor-icon-list-text\">S\u00faly \u00e9s csomagm\u00e9ret: k\u00e9pesnek kell lennie a napellenz\u0151 t\u00e1rol\u00e1s\u00e1ra, mozgat\u00e1s\u00e1ra \u00e9s becsomagol\u00e1s\u00e1ra.<\/span>\n\t\t\t\t\t\t\t\t\t<\/li>\n\t\t\t\t\t\t\t\t<li class=\"elementor-icon-list-item\">\n\t\t\t\t\t\t\t\t\t\t\t<span class=\"elementor-icon-list-icon\">\n\t\t\t\t\t\t\t<i aria-hidden=\"true\" class=\"far fa-dot-circle\"><\/i>\t\t\t\t\t\t<\/span>\n\t\t\t\t\t\t\t\t\t\t<span class=\"elementor-icon-list-text\">K\u00f6nny\u0171 felhelyez\u00e9s \u2013 h\u00e1ny ember fogja fel\u00e1ll\u00edtani a napellenz\u0151t.<\/span>\n\t\t\t\t\t\t\t\t\t<\/li>\n\t\t\t\t\t\t\t\t<li class=\"elementor-icon-list-item\">\n\t\t\t\t\t\t\t\t\t\t\t<span class=\"elementor-icon-list-icon\">\n\t\t\t\t\t\t\t<i aria-hidden=\"true\" class=\"far fa-dot-circle\"><\/i>\t\t\t\t\t\t<\/span>\n\t\t\t\t\t\t\t\t\t\t<span class=\"elementor-icon-list-text\">Haszn\u00e1lat id\u0151tartama \/ \u00e9vente h\u00e1nyszor szeretn\u00e9 haszn\u00e1lni.<\/span>\n\t\t\t\t\t\t\t\t\t<\/li>\n\t\t\t\t\t\t<\/ul>\n\t\t\t\t<\/div>\n\t\t\t\t<\/div>\n\t\t\t\t\t<\/div>\n\t\t<\/div>\n\t\t\t\t\t\t\t<\/div>\n\t\t<\/section>\n\t\t\t\t\t\t\t<\/div>","protected":false},"excerpt":{"rendered":"<p>Mi az a lak\u00f3kocsi napellenz\u0151? H\u00fclye k\u00e9rd\u00e9snek hangzik, de gyakori \u2013 a napellenz\u0151t c\u00e9lir\u00e1nyosan \u00fagy tervezt\u00e9k, hogy a lak\u00f3kocsi oldal\u00e1ra illeszkedjen, \u00e9s \u00fagy k\u00f6lcs\u00f6nhat\u00e1sban van a lak\u00f3kocsival, mint egy t\u00e9likert vagy egy h\u00e1z b\u0151v\u00edt\u00e9se, \u00edgy tov\u00e1bbi, sokoldal\u00fa teret biztos\u00edt. A lak\u00f3kocsi napellenz\u0151k k\u00f6telez\u0151v\u00e9 v\u00e1ltak<\/p>\n<div class=\"read-more\"><a class=\"btn btn-fill-out\" href=\"https:\/\/uoogear.com\/hu\/knowledge-base\/caravan-awning-buying-guide\/\">Olvass tov\u00e1bb<\/a><\/div>","protected":false},"author":1,"featured_media":2555,"comment_status":"closed","ping_status":"open","sticky":false,"template":"","format":"standard","meta":{"footnotes":""},"categories":[134,133],"tags":[],"class_list":["post-2554","post","type-post","status-publish","format-standard","has-post-thumbnail","hentry","category-buying-guides","category-knowledge-base"],"_links":{"self":[{"href":"https:\/\/uoogear.com\/hu\/wp-json\/wp\/v2\/posts\/2554","targetHints":{"allow":["GET"]}}],"collection":[{"href":"https:\/\/uoogear.com\/hu\/wp-json\/wp\/v2\/posts"}],"about":[{"href":"https:\/\/uoogear.com\/hu\/wp-json\/wp\/v2\/types\/post"}],"author":[{"embeddable":true,"href":"https:\/\/uoogear.com\/hu\/wp-json\/wp\/v2\/users\/1"}],"replies":[{"embeddable":true,"href":"https:\/\/uoogear.com\/hu\/wp-json\/wp\/v2\/comments?post=2554"}],"version-history":[{"count":22,"href":"https:\/\/uoogear.com\/hu\/wp-json\/wp\/v2\/posts\/2554\/revisions"}],"predecessor-version":[{"id":2581,"href":"https:\/\/uoogear.com\/hu\/wp-json\/wp\/v2\/posts\/2554\/revisions\/2581"}],"wp:featuredmedia":[{"embeddable":true,"href":"https:\/\/uoogear.com\/hu\/wp-json\/wp\/v2\/media\/2555"}],"wp:attachment":[{"href":"https:\/\/uoogear.com\/hu\/wp-json\/wp\/v2\/media?parent=2554"}],"wp:term":[{"taxonomy":"category","embeddable":true,"href":"https:\/\/uoogear.com\/hu\/wp-json\/wp\/v2\/categories?post=2554"},{"taxonomy":"post_tag","embeddable":true,"href":"https:\/\/uoogear.com\/hu\/wp-json\/wp\/v2\/tags?post=2554"}],"curies":[{"name":"wp","href":"https:\/\/api.w.org\/{rel}","templated":true}]}}